{"id":9720,"date":"2017-10-16T12:02:28","date_gmt":"2017-10-16T10:02:28","guid":{"rendered":"http:\/\/www.messinaoggi.it\/website\/?p=9720"},"modified":"2017-10-16T12:02:28","modified_gmt":"2017-10-16T10:02:28","slug":"germana-contro-i-rettori-micari-e-navarra-vergonoso","status":"publish","type":"post","link":"https:\/\/www.messinaoggi.it\/website\/2017\/10\/16\/germana-contro-i-rettori-micari-e-navarra-vergonoso\/","title":{"rendered":"German\u00e0 contro i rettori Micari e Navarra: &quot;Vergonoso&quot;"},"content":{"rendered":"<p>&#8220;Il professore Micari avrebbe dovuto dimettersi per una questione di seriet\u00e0 perch\u00e9 con il ruolo che ricopre all&#8217;interno dell&#8217;ateneo palermitano potrebbe influenzare il voto. Ed ancora pi\u00f9 vergognoso \u00e8 quello che sta accadendo all&#8217;Universit\u00e0 di Messina. Difatti, cosa mai avvenuta in passato nella storia del nostro ateneo, \u00e8 stata tutta politicizzata ed \u00e8 diventata un comitato elettorale del Pd&#8221;. A dirlo il deputato regionale messinese di Forza Italia Nino German\u00e0 durante una convention elettorale a Messina con dei giovani a Messina.<br \/>\n&#8220;Inoltre &#8211; prosegue German\u00e0 &#8211; \u00e8 stato candidato il direttore generale dell&#8217;Universit\u00e0 di Messina e questo comporta la sua ineleggibilit\u00e0 e soprattutto si potrebbe configurare anche il voto di scambio&#8221;. &#8220;I nostri atenei siciliani, quello palermitano e in modo ancora pi\u00f9 spudorato quello messinese &#8211; conclude German\u00e0 &#8211; non stanno dando un buon esempio ai giovani perch\u00e9, sia il professore Micari che il candidato a Messina del Pd stanno utilizzando le Universit\u00e0 solo per i loro tornaconti politici&#8221;.<div id=\"div-gpt-ad-Messinaoggi.it-DSK-300x250-corpoart\" style=\"text-align:center;margin:0 auto;\"><\/div><\/p>\n<div id=\"videoincontent\" style=\"clear:both\";><\/div>","protected":false},"excerpt":{"rendered":"<p>&#8220;Il professore Micari avrebbe dovuto dimettersi per una questione di seriet\u00e0 perch\u00e9 con il ruolo che ricopre all&#8217;interno dell&#8217;ateneo palermitano potrebbe influenzare il voto. Ed ancora pi\u00f9 vergognoso \u00e8 quello che sta accadendo all&#8217;Universit\u00e0 di Messina. Difatti, cosa mai avvenuta in passato nella storia del nostro ateneo, \u00e8 stata tutta politicizzata ed \u00e8 diventata un [&hellip;]<\/p>\n","protected":false},"author":2,"featured_media":8318,"comment_status":"closed","ping_status":"open","sticky":false,"template":"","format":"standard","meta":{"ub_ctt_via":"","_mi_skip_tracking":false},"categories":[6],"tags":[],"featured_image_src":"https:\/\/www.messinaoggi.it\/website\/wp-content\/uploads\/2017\/09\/nino-germana-con-renato-schifani-messinaoggiMarcyR-2.jpg","author_info":{"display_name":"Redazione","author_link":"https:\/\/www.messinaoggi.it\/website\/author\/redazione\/"},"digistream_id":0,"digistream":false,"_links":{"self":[{"href":"https:\/\/www.messinaoggi.it\/website\/wp-json\/wp\/v2\/posts\/9720"}],"collection":[{"href":"https:\/\/www.messinaoggi.it\/website\/wp-json\/wp\/v2\/posts"}],"about":[{"href":"https:\/\/www.messinaoggi.it\/website\/wp-json\/wp\/v2\/types\/post"}],"author":[{"embeddable":true,"href":"https:\/\/www.messinaoggi.it\/website\/wp-json\/wp\/v2\/users\/2"}],"replies":[{"embeddable":true,"href":"https:\/\/www.messinaoggi.it\/website\/wp-json\/wp\/v2\/comments?post=9720"}],"version-history":[{"count":0,"href":"https:\/\/www.messinaoggi.it\/website\/wp-json\/wp\/v2\/posts\/9720\/revisions"}],"wp:featuredmedia":[{"embeddable":true,"href":"https:\/\/www.messinaoggi.it\/website\/wp-json\/wp\/v2\/media\/8318"}],"wp:attachment":[{"href":"https:\/\/www.messinaoggi.it\/website\/wp-json\/wp\/v2\/media?parent=9720"}],"wp:term":[{"taxonomy":"category","embeddable":true,"href":"https:\/\/www.messinaoggi.it\/website\/wp-json\/wp\/v2\/categories?post=9720"},{"taxonomy":"post_tag","embeddable":true,"href":"https:\/\/www.messinaoggi.it\/website\/wp-json\/wp\/v2\/tags?post=9720"}],"curies":[{"name":"wp","href":"https:\/\/api.w.org\/{rel}","templated":true}]}}