{"id":9717,"date":"2017-10-16T11:55:48","date_gmt":"2017-10-16T09:55:48","guid":{"rendered":"http:\/\/www.messinaoggi.it\/website\/?p=9717"},"modified":"2017-10-16T11:55:48","modified_gmt":"2017-10-16T09:55:48","slug":"regionale-lab-dem-messina-conferma-il-sostegno-del-pd","status":"publish","type":"post","link":"https:\/\/www.messinaoggi.it\/website\/2017\/10\/16\/regionale-lab-dem-messina-conferma-il-sostegno-del-pd\/","title":{"rendered":"Regionale, Lab Dem Messina conferma il sostegno al Pd"},"content":{"rendered":"<p>L&#8217;Associazione LAB DEM Messina nel corso dell&#8217;assemblea del 14 ottobre 2017, tenutasi al Palacultura, ha ribadito la propria scelta di militanza nel centrosinistra. L\u2019incontro s\u2019\u00e8 tenuto\u00a0 alla presenza del Presidente nazionale On. Salvo And\u00f2, del coordinatore regionale per la Sicilia On. Francesco Barbalace e del segretario provinciale del Pd Paolo Starvaggi, ha confermato l&#8217;impegno a sostegno della candidatura del prof. Fabrizio Micari alla presidenza del governo regionale.<br \/>\nTra gli intervenuti la professoressa Torricelli delegata nazionale di Lab Dem e Nicola Barbalace, esponente Pd e tra i candidati della lista Arcipelago (per la cui esclusione a Messina \u00e8 stato presentato ricorso al CGA), il professor Fera che si \u00e8 soffermato sulle problematiche relative alle infrastrutture e sulla bocciatura del Parco dei Peloritani.<br \/>\nL&#8217;assemblea degli iscritti ha ribadito la propria scelta di militanza nel movimento riformista e quindi nel centrosinistra e pertanto si ritiene impegnata a sostenere, nella nostra provincia, la lista del PD nella quale la stragrande maggioranza degli iscritti milita ed alla quale guardano anche i non iscritti.<br \/>\nL&#8217;assemblea ha sottolineato che tutto ci\u00f2 costituisce motivo sufficiente per ribadire, pur in un quadro di difficolt\u00e0, anzi a maggior ragione per questo, la propria scelta di militanza e di impegno in tempi in cui il <u>disvalore politico e morale di persistenti ed inarrestabili transumanze politiche\u00a0 caratterizzano ed anzi inquinano la politica.<\/u><br \/>\n\u201cPer tali ragioni il direttivo dell&#8217;associazione Lab Dem di Messina, d\u2019intesa con la presidenza nazionale e regionale della stessa \u2013 si legge in un documento \u00ad- ha ribadito la propria disponibilit\u00e0 ad incontrare i candidati presenti nella lista del PD provinciale, affinch\u00e9 si possa avviare un confronto utile di una comune riflessione che guardi alla necessit\u00e0 di iniziative politiche ed organizzative, affinch\u00e8 quanto fin qui verificatosi venga relegato tra i ricordi non belli delle nostre vicende politiche. Ci\u00f2 nella convinzione che il PD siciliano nel suo complesso \u00e8 chiamato a riprendere il proprio cammino per affrontare le emergenze siciliane ponendo per\u00f2 mano alla propria riorganizzazione sul territorio\u201d.<div id=\"div-gpt-ad-Messinaoggi.it-DSK-300x250-corpoart\" style=\"text-align:center;margin:0 auto;\"><\/div><\/p>\n<div id=\"videoincontent\" style=\"clear:both\";><\/div>","protected":false},"excerpt":{"rendered":"<p>L&#8217;Associazione LAB DEM Messina nel corso dell&#8217;assemblea del 14 ottobre 2017, tenutasi al Palacultura, ha ribadito la propria scelta di militanza nel centrosinistra. L\u2019incontro s\u2019\u00e8 tenuto\u00a0 alla presenza del Presidente nazionale On. Salvo And\u00f2, del coordinatore regionale per la Sicilia On. Francesco Barbalace e del segretario provinciale del Pd Paolo Starvaggi, ha confermato l&#8217;impegno a [&hellip;]<\/p>\n","protected":false},"author":2,"featured_media":9718,"comment_status":"closed","ping_status":"open","sticky":false,"template":"","format":"standard","meta":{"ub_ctt_via":"","_mi_skip_tracking":false},"categories":[4],"tags":[],"featured_image_src":"https:\/\/www.messinaoggi.it\/website\/wp-content\/uploads\/2017\/10\/IMG-20171016-WA0005.jpg","author_info":{"display_name":"Redazione","author_link":"https:\/\/www.messinaoggi.it\/website\/author\/redazione\/"},"digistream_id":0,"digistream":false,"_links":{"self":[{"href":"https:\/\/www.messinaoggi.it\/website\/wp-json\/wp\/v2\/posts\/9717"}],"collection":[{"href":"https:\/\/www.messinaoggi.it\/website\/wp-json\/wp\/v2\/posts"}],"about":[{"href":"https:\/\/www.messinaoggi.it\/website\/wp-json\/wp\/v2\/types\/post"}],"author":[{"embeddable":true,"href":"https:\/\/www.messinaoggi.it\/website\/wp-json\/wp\/v2\/users\/2"}],"replies":[{"embeddable":true,"href":"https:\/\/www.messinaoggi.it\/website\/wp-json\/wp\/v2\/comments?post=9717"}],"version-history":[{"count":0,"href":"https:\/\/www.messinaoggi.it\/website\/wp-json\/wp\/v2\/posts\/9717\/revisions"}],"wp:featuredmedia":[{"embeddable":true,"href":"https:\/\/www.messinaoggi.it\/website\/wp-json\/wp\/v2\/media\/9718"}],"wp:attachment":[{"href":"https:\/\/www.messinaoggi.it\/website\/wp-json\/wp\/v2\/media?parent=9717"}],"wp:term":[{"taxonomy":"category","embeddable":true,"href":"https:\/\/www.messinaoggi.it\/website\/wp-json\/wp\/v2\/categories?post=9717"},{"taxonomy":"post_tag","embeddable":true,"href":"https:\/\/www.messinaoggi.it\/website\/wp-json\/wp\/v2\/tags?post=9717"}],"curies":[{"name":"wp","href":"https:\/\/api.w.org\/{rel}","templated":true}]}}