{"id":97145,"date":"2022-02-14T18:07:42","date_gmt":"2022-02-14T17:07:42","guid":{"rendered":"https:\/\/www.messinaoggi.it\/website\/2022\/02\/14\/sileri-green-pass-non-eterno-ma-prematuro-parlare-di-abolirlo\/"},"modified":"2022-02-14T18:07:42","modified_gmt":"2022-02-14T17:07:42","slug":"sileri-green-pass-non-eterno-ma-prematuro-parlare-di-abolirlo","status":"publish","type":"post","link":"https:\/\/www.messinaoggi.it\/website\/2022\/02\/14\/sileri-green-pass-non-eterno-ma-prematuro-parlare-di-abolirlo\/","title":{"rendered":"Sileri \u201cGreen pass non eterno, ma prematuro parlare di abolirlo\u201d"},"content":{"rendered":"<div>MILANO (ITALPRESS) &#8211; &#8220;Sono uno dei sostenitori del Green pass fin da subito. Credo che questa diversa circolazione del virus, con la variante Omicron che sembra essere meno aggressiva contro il polmone e agisce su una popolazione largamente vaccinata, ci pone dinanzi alla necessit\u00e0 di una rimodulazione di ci\u00f2 che abbiamo fatto&#8221;. Lo ha detto il sottosegretario alla Salute Pierpaolo Sileri, parlando con i cronisti a margine dell&#8217;inaugurazione dell&#8217;Anno Accademico 2021-2022 dell&#8217;Universit\u00e0 Vita-Salute San Raffaele a Milano.<br \/>Tuttavia, ha continuato Sileri, &#8220;io credo sia prematuro oggi parlare di eliminazione del super green pass ma una rimodulazione pu\u00f2 essere necessaria&#8221;. Alla domanda sui tempi, il sottosegretario ha risposto: &#8220;Osserviamo i dati, vediamo se nascono nuove varianti altrove nel mondo e proseguiamo con la campagna per la terza dose e poi una rivalutazione potr\u00e0 essere fatta. Sicuramente il Green pass non pu\u00f2 essere qualcosa di eterno. Non \u00e8 un passaporto che ha la durata di 10 anni&#8221;.<br \/>(ITALPRESS).<\/div>\n<div id=\"div-gpt-ad-Messinaoggi.it-DSK-300x250-corpoart\" style=\"text-align:center;margin:0 auto;\"><\/div><\/p><div id=\"videoincontent\" style=\"clear:both\";><\/div>","protected":false},"excerpt":{"rendered":"<p>MILANO (ITALPRESS) &#8211; &#8220;Sono uno dei sostenitori del Green pass fin da subito. Credo che questa diversa circolazione del virus, con la variante Omicron che sembra essere meno aggressiva contro il polmone e agisce su una popolazione largamente vaccinata, ci pone dinanzi alla necessit\u00e0 di una rimodulazione di ci\u00f2 che abbiamo fatto&#8221;. Lo ha detto [&hellip;]<\/p>\n","protected":false},"author":18,"featured_media":97146,"comment_status":"closed","ping_status":"closed","sticky":false,"template":"","format":"standard","meta":{"ub_ctt_via":"","_mi_skip_tracking":false},"categories":[446],"tags":[783],"featured_image_src":"https:\/\/www.messinaoggi.it\/website\/wp-content\/uploads\/2022\/02\/20220214_1738.jpg","author_info":{"display_name":"Admin","author_link":"https:\/\/www.messinaoggi.it\/website\/author\/admin\/"},"digistream_id":0,"digistream":false,"_links":{"self":[{"href":"https:\/\/www.messinaoggi.it\/website\/wp-json\/wp\/v2\/posts\/97145"}],"collection":[{"href":"https:\/\/www.messinaoggi.it\/website\/wp-json\/wp\/v2\/posts"}],"about":[{"href":"https:\/\/www.messinaoggi.it\/website\/wp-json\/wp\/v2\/types\/post"}],"author":[{"embeddable":true,"href":"https:\/\/www.messinaoggi.it\/website\/wp-json\/wp\/v2\/users\/18"}],"replies":[{"embeddable":true,"href":"https:\/\/www.messinaoggi.it\/website\/wp-json\/wp\/v2\/comments?post=97145"}],"version-history":[{"count":0,"href":"https:\/\/www.messinaoggi.it\/website\/wp-json\/wp\/v2\/posts\/97145\/revisions"}],"wp:featuredmedia":[{"embeddable":true,"href":"https:\/\/www.messinaoggi.it\/website\/wp-json\/wp\/v2\/media\/97146"}],"wp:attachment":[{"href":"https:\/\/www.messinaoggi.it\/website\/wp-json\/wp\/v2\/media?parent=97145"}],"wp:term":[{"taxonomy":"category","embeddable":true,"href":"https:\/\/www.messinaoggi.it\/website\/wp-json\/wp\/v2\/categories?post=97145"},{"taxonomy":"post_tag","embeddable":true,"href":"https:\/\/www.messinaoggi.it\/website\/wp-json\/wp\/v2\/tags?post=97145"}],"curies":[{"name":"wp","href":"https:\/\/api.w.org\/{rel}","templated":true}]}}