{"id":97131,"date":"2022-02-14T16:07:35","date_gmt":"2022-02-14T15:07:35","guid":{"rendered":"https:\/\/www.messinaoggi.it\/website\/2022\/02\/14\/premi-ue-per-la-mobilita-sostenibile-firenze-tra-le-citta-finaliste\/"},"modified":"2022-02-14T16:07:35","modified_gmt":"2022-02-14T15:07:35","slug":"premi-ue-per-la-mobilita-sostenibile-firenze-tra-le-citta-finaliste","status":"publish","type":"post","link":"https:\/\/www.messinaoggi.it\/website\/2022\/02\/14\/premi-ue-per-la-mobilita-sostenibile-firenze-tra-le-citta-finaliste\/","title":{"rendered":"Premi Ue per la mobilit\u00e0 sostenibile, Firenze tra le citt\u00e0 finaliste"},"content":{"rendered":"<div>BRUXELLES (BELGIO) (ITALPRESS) &#8211; La Commissione Ue annuncia i finalisti dei premi della Settimana europea della mobilit\u00e0 2021. Amadora, Kassel e Luleburgaz si contendono il premio per i comuni pi\u00f9 grandi (oltre 100 000 abitanti), mentre Alimos, Miajadas e Valongo sono le finaliste della categoria dei comuni pi\u00f9 piccoli. I premi vanno a riconoscimento di importanti iniziative volte a rendere le citt\u00e0 pi\u00f9 verdi e pi\u00f9 sicure.<br \/>Firenze, Rethymno e Varsavia sono in lizza per il premio dell&#8217;UE per la sicurezza stradale urbana, attribuito per straordinarie misure di sicurezza stradale, mentre i finalisti della categoria relativa alla pianificazione della mobilit\u00e0 urbana sostenibile sono Madrid, Mitrovica Sud e Tampere.<br \/>&#8220;Congratulazioni ai finalisti, veri e propri pionieri che dimostrano come le citt\u00e0 di tutta Europa possono migliorare il benessere dei cittadini passando a opzioni di trasporto pi\u00f9 pulite, pi\u00f9 verdi e pi\u00f9 semplici per tutti. Sosteniamo questa transizione mediante il nuovo quadro dell&#8217;UE per la mobilit\u00e0 urbana, che definisce orientamenti europei su come le citt\u00e0 possono ridurre le emissioni di carbonio e inquinanti e migliorare la mobilit\u00e0&#8221;, afferma Adina Valean, Commissaria europea per i Trasporti.<br \/>La campagna della Settimana europea della mobilit\u00e0 si svolge ogni anno dal 16 al 22 settembre. L&#8217;anno scorso \u00e8 stato registrato un aumento record del numero di partecipanti alla campagna: oltre 3 100 citt\u00e0 di 53 paesi. I vincitori saranno annunciati nel corso di una cerimonia che si terr\u00e0 il 28 marzo alle 15.<br \/>(ITALPRESS).<\/div>\n<div id=\"div-gpt-ad-Messinaoggi.it-DSK-300x250-corpoart\" style=\"text-align:center;margin:0 auto;\"><\/div><\/p><div id=\"videoincontent\" style=\"clear:both\";><\/div>","protected":false},"excerpt":{"rendered":"<p>BRUXELLES (BELGIO) (ITALPRESS) &#8211; La Commissione Ue annuncia i finalisti dei premi della Settimana europea della mobilit\u00e0 2021. Amadora, Kassel e Luleburgaz si contendono il premio per i comuni pi\u00f9 grandi (oltre 100 000 abitanti), mentre Alimos, Miajadas e Valongo sono le finaliste della categoria dei comuni pi\u00f9 piccoli. I premi vanno a riconoscimento di [&hellip;]<\/p>\n","protected":false},"author":18,"featured_media":97132,"comment_status":"closed","ping_status":"closed","sticky":false,"template":"","format":"standard","meta":{"ub_ctt_via":"","_mi_skip_tracking":false},"categories":[446],"tags":[783],"featured_image_src":"https:\/\/www.messinaoggi.it\/website\/wp-content\/uploads\/2022\/02\/20220214_1120.jpg","author_info":{"display_name":"Admin","author_link":"https:\/\/www.messinaoggi.it\/website\/author\/admin\/"},"digistream_id":0,"digistream":false,"_links":{"self":[{"href":"https:\/\/www.messinaoggi.it\/website\/wp-json\/wp\/v2\/posts\/97131"}],"collection":[{"href":"https:\/\/www.messinaoggi.it\/website\/wp-json\/wp\/v2\/posts"}],"about":[{"href":"https:\/\/www.messinaoggi.it\/website\/wp-json\/wp\/v2\/types\/post"}],"author":[{"embeddable":true,"href":"https:\/\/www.messinaoggi.it\/website\/wp-json\/wp\/v2\/users\/18"}],"replies":[{"embeddable":true,"href":"https:\/\/www.messinaoggi.it\/website\/wp-json\/wp\/v2\/comments?post=97131"}],"version-history":[{"count":0,"href":"https:\/\/www.messinaoggi.it\/website\/wp-json\/wp\/v2\/posts\/97131\/revisions"}],"wp:featuredmedia":[{"embeddable":true,"href":"https:\/\/www.messinaoggi.it\/website\/wp-json\/wp\/v2\/media\/97132"}],"wp:attachment":[{"href":"https:\/\/www.messinaoggi.it\/website\/wp-json\/wp\/v2\/media?parent=97131"}],"wp:term":[{"taxonomy":"category","embeddable":true,"href":"https:\/\/www.messinaoggi.it\/website\/wp-json\/wp\/v2\/categories?post=97131"},{"taxonomy":"post_tag","embeddable":true,"href":"https:\/\/www.messinaoggi.it\/website\/wp-json\/wp\/v2\/tags?post=97131"}],"curies":[{"name":"wp","href":"https:\/\/api.w.org\/{rel}","templated":true}]}}