{"id":97098,"date":"2022-02-14T10:47:12","date_gmt":"2022-02-14T09:47:12","guid":{"rendered":"http:\/\/www.messinaoggi.it\/website\/?p=97098"},"modified":"2022-02-14T10:49:53","modified_gmt":"2022-02-14T09:49:53","slug":"de-luca-prepara-gli-scatoloni-da-mezzanotte-non-sara-piu-sindaco","status":"publish","type":"post","link":"https:\/\/www.messinaoggi.it\/website\/2022\/02\/14\/de-luca-prepara-gli-scatoloni-da-mezzanotte-non-sara-piu-sindaco\/","title":{"rendered":"De Luca prepara gli scatoloni: da mezzanotte non sar\u00e0 pi\u00f9 sindaco"},"content":{"rendered":"\n<p>\u00c8 iniziata questa mattina la giornata di commiato dell\u2019ormai quasi ex sindaco Cateno De Luca. A mezzanotte, infatti, le dimissioni dalla carica di primo cittadino presentate qualche settimana fa diventeranno irrevocabili. E non ci si aspetta che verranno ritirate all\u2019ultimo secondo \u2013 come accaduto a febbraio dell\u2019anno scorso, quando le strapp\u00f2 a favore di telecamera \u2013 perch\u00e9 questa volta De Luca fa sul serio. <div id=\"div-gpt-ad-Messinaoggi.it-DSK-300x250-corpoart\" style=\"text-align:center;margin:0 auto;\"><\/div><\/p>\n\n\n\n<p>Manca meno di un anno alle prossime elezioni regionali, e ormai \u00e8 noto a tutti che De Luca aspiri a diventare il nuovo presidente della Regione Siciliana o, come \u00e8 solito dire, il \u201csindaco di Sicilia\u201d. Dalla mezzanotte di oggi, insomma, inizier\u00e0 ufficialmente la campagna elettorale di De Luca per la presidenza della Regione.<div id=\"videoincontent\" style=\"clear:both\";><\/div><\/p>\n\n\n\n<p>Tra l\u2019altro, basta guardare il suo fitto calendario di oggi per convincersi che questa volta De Luca non ritirer\u00e0 le sue dimissioni. Quella di oggi, infatti, sar\u00e0 una giornata piena di visite alle massime cariche istituzionali, accademico-scolastiche e clericali. Ha iniziato alle 8 e 30 con la visita al rettore, per poi salutare il prefetto e il questore dalla mezz\u2019ora successiva. Alle 11 invece visita all\u2019Arcivescovo, e cos\u00ec via per il resto della giornata.<\/p>\n\n\n\n<p>Dalle 23 verranno invece formalizzate le dimissioni della giunta per poi avviare mezz\u2019ora dopo una diretta Facebook, durante la quale, poco dopo lo scoccare della mezzanotte, presenter\u00e0 il suo candidato sindaco che verr\u00e0 supportato in occasione delle prossime amministrative, che probabilmente si terranno a giugno.<\/p>\n\n\n\n<p>Tra l&#8217;altro, De Luca dovrebbe figurare quale capolista nella lista che supporter\u00e0 il suo candidato sindaco. Questo perch\u00e9 De Luca vuole essere anche il nuovo presidente del Consiglio comunale di Messina (per l&#8217;attuale sindaco non vi sarebbero incompatibilit\u00e0 tra la carica di presidente della Regione e quella di presidente del Consiglio comunale). Perch\u00e9 De Luca punta s\u00ec alla Sicilia, ma con uno sguardo sempre su Messina.<\/p>\n","protected":false},"excerpt":{"rendered":"<p>\u00c8 iniziata questa mattina la giornata di commiato dell\u2019ormai quasi ex sindaco Cateno De Luca. A mezzanotte, infatti, le dimissioni dalla carica di primo cittadino presentate qualche settimana fa diventeranno irrevocabili. E non ci si aspetta che verranno ritirate all\u2019ultimo secondo \u2013 come accaduto a febbraio dell\u2019anno scorso, quando le strapp\u00f2 a favore di telecamera [&hellip;]<\/p>\n","protected":false},"author":8,"featured_media":51834,"comment_status":"open","ping_status":"open","sticky":false,"template":"","format":"standard","meta":{"ub_ctt_via":"","_mi_skip_tracking":false},"categories":[6],"tags":[126],"featured_image_src":"https:\/\/www.messinaoggi.it\/website\/wp-content\/uploads\/2021\/01\/11DCDEB9-4B0E-40BF-A20A-C5CF98C7A009.jpeg","author_info":{"display_name":"red..me","author_link":"https:\/\/www.messinaoggi.it\/website\/author\/redstage\/"},"digistream_id":0,"digistream":false,"_links":{"self":[{"href":"https:\/\/www.messinaoggi.it\/website\/wp-json\/wp\/v2\/posts\/97098"}],"collection":[{"href":"https:\/\/www.messinaoggi.it\/website\/wp-json\/wp\/v2\/posts"}],"about":[{"href":"https:\/\/www.messinaoggi.it\/website\/wp-json\/wp\/v2\/types\/post"}],"author":[{"embeddable":true,"href":"https:\/\/www.messinaoggi.it\/website\/wp-json\/wp\/v2\/users\/8"}],"replies":[{"embeddable":true,"href":"https:\/\/www.messinaoggi.it\/website\/wp-json\/wp\/v2\/comments?post=97098"}],"version-history":[{"count":2,"href":"https:\/\/www.messinaoggi.it\/website\/wp-json\/wp\/v2\/posts\/97098\/revisions"}],"predecessor-version":[{"id":97104,"href":"https:\/\/www.messinaoggi.it\/website\/wp-json\/wp\/v2\/posts\/97098\/revisions\/97104"}],"wp:featuredmedia":[{"embeddable":true,"href":"https:\/\/www.messinaoggi.it\/website\/wp-json\/wp\/v2\/media\/51834"}],"wp:attachment":[{"href":"https:\/\/www.messinaoggi.it\/website\/wp-json\/wp\/v2\/media?parent=97098"}],"wp:term":[{"taxonomy":"category","embeddable":true,"href":"https:\/\/www.messinaoggi.it\/website\/wp-json\/wp\/v2\/categories?post=97098"},{"taxonomy":"post_tag","embeddable":true,"href":"https:\/\/www.messinaoggi.it\/website\/wp-json\/wp\/v2\/tags?post=97098"}],"curies":[{"name":"wp","href":"https:\/\/api.w.org\/{rel}","templated":true}]}}