{"id":9707,"date":"2017-10-16T10:59:28","date_gmt":"2017-10-16T08:59:28","guid":{"rendered":"http:\/\/www.messinaoggi.it\/website\/?p=9707"},"modified":"2017-10-16T10:59:28","modified_gmt":"2017-10-16T08:59:28","slug":"van-gogh-multimedia-experience-tocca-le-30mila-presenze-cilona-taormina-piazza-ideale","status":"publish","type":"post","link":"https:\/\/www.messinaoggi.it\/website\/2017\/10\/16\/van-gogh-multimedia-experience-tocca-le-30mila-presenze-cilona-taormina-piazza-ideale\/","title":{"rendered":"&quot;Van Gogh multimedia Experience&quot; tocca le 30mila presenze. Cilona: &quot;Taormina piazza ideale&quot;"},"content":{"rendered":"<p>Una manifestazione di alto livello dedicata ad uno degli artisti pi\u00f9 amati al mondo, la suggestiva location di Palazzo Corvaja, l&#8217;orario continuato per i crocieristi, la proroga al 15 ottobre per le scuole: si giustifica cos\u00ec il successo della mostra &#8220;Van Gogh multimedia Experience&#8221;, che ha fatto registrare 30mila presenze.<br \/>\n<img loading=\"lazy\" class=\"alignnone size-medium wp-image-9711\" src=\"http:\/\/www.messinaoggi.it\/website\/wp-content\/uploads\/2017\/10\/visitatori-van-gogh-300x169.jpg\" alt=\"\" width=\"300\" height=\"169\" \/><br \/>\nUna rassegna che ha toccato il picco massimo di visitatori nel mese di agosto, ma che ha fatto registrare numeri importanti fino a ieri sera, quando \u00e8 calato il sipario su uno degli eventi pi\u00f9 interessanti dell&#8217;estate taorminese. Un omaggio al poliedrico artista olandese che ha rappresentato un buon viatico per il movimento complessivo della \u201cPerla dello Jonio\u201d.<br \/>\n <br \/>\n<img loading=\"lazy\" class=\"alignnone size-medium wp-image-9708\" src=\"http:\/\/www.messinaoggi.it\/website\/wp-content\/uploads\/2017\/10\/van-gogh-a-taormina-1-300x202.jpg\" alt=\"\" width=\"300\" height=\"202\" \/><br \/>\nSoddisfatto l\u2019assessore comunale al Turismo, Salvo Cilona, che ha fortissimamente voluto la manifestazione. \u201cVan Gogh multimedia Experience \u00e8 la dimostrazione che Taormina \u00e8 la piazza ideale per questo tipo di kermesse; i numeri ci danno ragione, specie il mercato russo ha dimostrato di gradire la nostra citt\u00e0. Adesso non dobbiamo fermarci &#8211; prosegue Cilona &#8211; il 2018 si aprir\u00e0 con la consegna del Palazzo dei congressi, un&#8217;opportunit\u00e0 che dobbiamo prendere al volo per proseguire il nostro percorso di crescita. A tal proposito abbiamo tante iniziative in cantiere, l&#8217;intento \u00e8 destagionalizzare ed estendere l&#8217;offerta per attrarre sempre pi\u00f9 turisti&#8221;.<br \/>\n <br \/>\n<img loading=\"lazy\" class=\"alignnone size-medium wp-image-9714\" src=\"http:\/\/www.messinaoggi.it\/website\/wp-content\/uploads\/2017\/10\/stanza-van-Gogh-1-300x169.jpg\" alt=\"\" width=\"300\" height=\"169\" \/><br \/>\nDal 20 luglio al 15 ottobre, la vita e le opere del pittore nativo di\u00a0Groot Zundert sono state al centro della scena in un suggestivo percorso multimediale che ha consentito ai visitatori di entrare in simbiosi con l&#8217;artista.<br \/>\n<strong>Ora tocca a Monreale.<\/strong> Taormina passer\u00e0 il testimone a Monreale che ospiter\u00e0 la rassegna multimediale dal 25 novembre al 29 aprile 2018 presso il complesso monumentale Guglielmo II. La mostra porter\u00e0 un nuovo concept di tecnologie per catturare l\u2019attenzione con la collezione di esperti. Sar\u00e0 un\u2019ulteriore vetrina internazionale, visto che Palermo sar\u00e0 Capitale italiana della cultura 2018.<br \/>\nDopo la Sicilia, \u201cVan Gogh multimedia Experience\u201d proseguir\u00e0 il suo viaggio a Malta, Firenze e Bruxelles per un progetto di interesse internazionale che riguarda uno degli artisti pi\u00f9 amati al mondo.<div id=\"div-gpt-ad-Messinaoggi.it-DSK-300x250-corpoart\" style=\"text-align:center;margin:0 auto;\"><\/div><\/p>\n<div id=\"videoincontent\" style=\"clear:both\";><\/div>","protected":false},"excerpt":{"rendered":"<p>Una manifestazione di alto livello dedicata ad uno degli artisti pi\u00f9 amati al mondo, la suggestiva location di Palazzo Corvaja, l&#8217;orario continuato per i crocieristi, la proroga al 15 ottobre per le scuole: si giustifica cos\u00ec il successo della mostra &#8220;Van Gogh multimedia Experience&#8221;, che ha fatto registrare 30mila presenze. Una rassegna che ha toccato [&hellip;]<\/p>\n","protected":false},"author":2,"featured_media":9710,"comment_status":"closed","ping_status":"open","sticky":false,"template":"","format":"standard","meta":{"ub_ctt_via":"","_mi_skip_tracking":false},"categories":[3],"tags":[],"featured_image_src":"https:\/\/www.messinaoggi.it\/website\/wp-content\/uploads\/2017\/10\/van-gogh.jpg","author_info":{"display_name":"Redazione","author_link":"https:\/\/www.messinaoggi.it\/website\/author\/redazione\/"},"digistream_id":0,"digistream":false,"_links":{"self":[{"href":"https:\/\/www.messinaoggi.it\/website\/wp-json\/wp\/v2\/posts\/9707"}],"collection":[{"href":"https:\/\/www.messinaoggi.it\/website\/wp-json\/wp\/v2\/posts"}],"about":[{"href":"https:\/\/www.messinaoggi.it\/website\/wp-json\/wp\/v2\/types\/post"}],"author":[{"embeddable":true,"href":"https:\/\/www.messinaoggi.it\/website\/wp-json\/wp\/v2\/users\/2"}],"replies":[{"embeddable":true,"href":"https:\/\/www.messinaoggi.it\/website\/wp-json\/wp\/v2\/comments?post=9707"}],"version-history":[{"count":0,"href":"https:\/\/www.messinaoggi.it\/website\/wp-json\/wp\/v2\/posts\/9707\/revisions"}],"wp:featuredmedia":[{"embeddable":true,"href":"https:\/\/www.messinaoggi.it\/website\/wp-json\/wp\/v2\/media\/9710"}],"wp:attachment":[{"href":"https:\/\/www.messinaoggi.it\/website\/wp-json\/wp\/v2\/media?parent=9707"}],"wp:term":[{"taxonomy":"category","embeddable":true,"href":"https:\/\/www.messinaoggi.it\/website\/wp-json\/wp\/v2\/categories?post=9707"},{"taxonomy":"post_tag","embeddable":true,"href":"https:\/\/www.messinaoggi.it\/website\/wp-json\/wp\/v2\/tags?post=9707"}],"curies":[{"name":"wp","href":"https:\/\/api.w.org\/{rel}","templated":true}]}}