{"id":9704,"date":"2017-10-16T10:05:20","date_gmt":"2017-10-16T08:05:20","guid":{"rendered":"http:\/\/www.messinaoggi.it\/website\/?p=9704"},"modified":"2017-10-16T10:05:20","modified_gmt":"2017-10-16T08:05:20","slug":"caso-vullo-gucciardi-risponde-ai-sindacati-ci-da-di-fatto-ragione","status":"publish","type":"post","link":"https:\/\/www.messinaoggi.it\/website\/2017\/10\/16\/caso-vullo-gucciardi-risponde-ai-sindacati-ci-da-di-fatto-ragione\/","title":{"rendered":"Caso Vullo, Gucciardi risponde ai sindacati: &quot;Ci d\u00e0 di fatto ragione&quot;"},"content":{"rendered":"<p class=\"p1\"><span class=\"s1\">L\u2019assessore Baldo Gucciardi ha risposto alla \u201cdenuncia\u201d della Uil-Fpl sul presunto mancato possesso dei titoli da parte del dott. Michele Vullo.<\/span><div id=\"div-gpt-ad-Messinaoggi.it-DSK-300x250-corpoart\" style=\"text-align:center;margin:0 auto;\"><\/div><\/p>\n<p class=\"p1\"><span class=\"s1\">\u201c<i>L\u2019assessore regionale alla Salute rispondendo alle nostre ripetute segnalazioni sul mancato possesso dei titoli del dott. Michele Vullo che ne inficerebbero la sua nomina a commissario straordinario del Policlinico, implicitamente conferma quanto da noi sostenuto nelle innumerevoli denunzie presentate agli organi competenti<\/i>\u201d. Ad affermalo sono\u00a0<b>Pippo Calapi<\/b>\u00a0e\u00a0<b>Mario Macr\u00ec<\/b>, rispettivamente segretario generale e responsabile Area medica della Uil-Fpl Messina, e\u00a0<b>Pietro Pata<\/b>, segretario regionale di ANAAO-ASSOMED.<\/span><div id=\"videoincontent\" style=\"clear:both\";><\/div><\/p>\n<p class=\"p1\"><span class=\"s1\">\u201c<i>In particolare dalla risposta spedita dall\u2019assessore Gucciardi si evidenzia come Vullo, iscritto negli elenchi dei direttori generali a fare data dal 2010, si evidenzia come il manager non abbia fornito alcuna documentazione riguardo al suo rapporto di lavoro con la \u2018Santobono Pausilium\u201d di Napoli. Mentre produce la documentazione successiva riguardante Lazio Sanit\u00e0 e Policlinico di Messina, dove ha svolto precedentemente le funzioni di direttore amministrativo. Da ci\u00f2 si evince il vulnus della posizione di Vullo, il quale per essere inserito negli elenchi regionali avrebbe dovuto svolgere in maniera continuativa funzioni dirigenziali per il periodo previsto dalla legge. L\u2019assessore Gucciardi conclude la sua risposta asserendo che i periodi di Laziosanit\u00e0 e Policlinico di Messina sono sufficienti a dimostrare il possesso dei requisiti necessari. Ma se Vullo non dimostra di avere acquisito i titoli alla \u2018Santobono\u2019, com\u2019\u00e8 possibile che sia stato nominato al Policlinico di Messina? Questa domanda l\u2019assessore Gucciardi non se l\u2019\u00e8 posta evidentemente, n\u00e9 sono state effettuate le dovute verifiche. Intanto, sospettiamo che Vullo rischia cos\u00ec facendo di essere ammesso alla graduatoria nazionale del dg mentre altri sarebbero fuori gioco per i criteri stringenti<\/i>\u201d.<\/span><\/p>\n","protected":false},"excerpt":{"rendered":"<p>L\u2019assessore Baldo Gucciardi ha risposto alla \u201cdenuncia\u201d della Uil-Fpl sul presunto mancato possesso dei titoli da parte del dott. Michele Vullo. \u201cL\u2019assessore regionale alla Salute rispondendo alle nostre ripetute segnalazioni sul mancato possesso dei titoli del dott. Michele Vullo che ne inficerebbero la sua nomina a commissario straordinario del Policlinico, implicitamente conferma quanto da noi [&hellip;]<\/p>\n","protected":false},"author":2,"featured_media":1572,"comment_status":"closed","ping_status":"open","sticky":false,"template":"","format":"standard","meta":{"ub_ctt_via":"","_mi_skip_tracking":false},"categories":[6],"tags":[],"featured_image_src":"https:\/\/www.messinaoggi.it\/website\/wp-content\/uploads\/2017\/06\/Vullo-Michele-3.jpg","author_info":{"display_name":"Redazione","author_link":"https:\/\/www.messinaoggi.it\/website\/author\/redazione\/"},"digistream_id":0,"digistream":false,"_links":{"self":[{"href":"https:\/\/www.messinaoggi.it\/website\/wp-json\/wp\/v2\/posts\/9704"}],"collection":[{"href":"https:\/\/www.messinaoggi.it\/website\/wp-json\/wp\/v2\/posts"}],"about":[{"href":"https:\/\/www.messinaoggi.it\/website\/wp-json\/wp\/v2\/types\/post"}],"author":[{"embeddable":true,"href":"https:\/\/www.messinaoggi.it\/website\/wp-json\/wp\/v2\/users\/2"}],"replies":[{"embeddable":true,"href":"https:\/\/www.messinaoggi.it\/website\/wp-json\/wp\/v2\/comments?post=9704"}],"version-history":[{"count":0,"href":"https:\/\/www.messinaoggi.it\/website\/wp-json\/wp\/v2\/posts\/9704\/revisions"}],"wp:featuredmedia":[{"embeddable":true,"href":"https:\/\/www.messinaoggi.it\/website\/wp-json\/wp\/v2\/media\/1572"}],"wp:attachment":[{"href":"https:\/\/www.messinaoggi.it\/website\/wp-json\/wp\/v2\/media?parent=9704"}],"wp:term":[{"taxonomy":"category","embeddable":true,"href":"https:\/\/www.messinaoggi.it\/website\/wp-json\/wp\/v2\/categories?post=9704"},{"taxonomy":"post_tag","embeddable":true,"href":"https:\/\/www.messinaoggi.it\/website\/wp-json\/wp\/v2\/tags?post=9704"}],"curies":[{"name":"wp","href":"https:\/\/api.w.org\/{rel}","templated":true}]}}