{"id":9698,"date":"2017-10-16T09:50:27","date_gmt":"2017-10-16T07:50:27","guid":{"rendered":"http:\/\/www.messinaoggi.it\/website\/?p=9698"},"modified":"2017-10-16T09:50:27","modified_gmt":"2017-10-16T07:50:27","slug":"via-palermo-degrado-e-incivilta-regnano-sovrani","status":"publish","type":"post","link":"https:\/\/www.messinaoggi.it\/website\/2017\/10\/16\/via-palermo-degrado-e-incivilta-regnano-sovrani\/","title":{"rendered":"Via Palermo, degrado e incivilt\u00e0 regnano sovrani"},"content":{"rendered":"<p style=\"text-align: justify\">La via <strong>Palermo<\/strong>, una delle vie pi\u00f9 importanti di Messina si trova nel degrado pi\u00f9 totale a causa dell&#8217;incivilt\u00e0 dei cittadini. I consiglieri della V Circoscrizione, <strong>Marcello Cannistraci<\/strong> e <strong>Franco Laimo<\/strong> hanno preso in esame la situazione, denunciata da tempo dai residenti del luogo e dai commercianti, per fare un po&#8217; di chiarezza.<div id=\"div-gpt-ad-Messinaoggi.it-DSK-300x250-corpoart\" style=\"text-align:center;margin:0 auto;\"><\/div><\/p>\n<p style=\"text-align: justify\">Sembrerebbe infatti che all&#8217;interno dei contenitori in cui bisognerebbe depositare solo piccole cose, alcune persone gettino intere buste di immondizia indifferenziata che non viene rimossa ma lasciata a terra e vengono prelevati solo i sacchetti con la piccola indifferenziata.<div id=\"videoincontent\" style=\"clear:both\";><\/div><\/p>\n<p> <br \/>\n<img loading=\"lazy\" class=\"size-medium wp-image-9699 aligncenter\" src=\"http:\/\/www.messinaoggi.it\/website\/wp-content\/uploads\/2017\/10\/via-palermo-2-225x300.jpg\" alt=\"\" width=\"225\" height=\"300\" \/><\/p>\n<p style=\"text-align: justify\">I consiglieri chiedono ai vertici di <strong>MessinAmbiente<\/strong> che si occupano della rimozione della sporcizia di fare il punto della situazione e trovare una soluzione concreta.<\/p>\n","protected":false},"excerpt":{"rendered":"<p>La via Palermo, una delle vie pi\u00f9 importanti di Messina si trova nel degrado pi\u00f9 totale a causa dell&#8217;incivilt\u00e0 dei cittadini. I consiglieri della V Circoscrizione, Marcello Cannistraci e Franco Laimo hanno preso in esame la situazione, denunciata da tempo dai residenti del luogo e dai commercianti, per fare un po&#8217; di chiarezza. Sembrerebbe infatti [&hellip;]<\/p>\n","protected":false},"author":8,"featured_media":9700,"comment_status":"closed","ping_status":"open","sticky":false,"template":"","format":"standard","meta":{"ub_ctt_via":"","_mi_skip_tracking":false},"categories":[5],"tags":[],"featured_image_src":"https:\/\/www.messinaoggi.it\/website\/wp-content\/uploads\/2017\/10\/via-palermo.jpg","author_info":{"display_name":"red..me","author_link":"https:\/\/www.messinaoggi.it\/website\/author\/redstage\/"},"digistream_id":0,"digistream":false,"_links":{"self":[{"href":"https:\/\/www.messinaoggi.it\/website\/wp-json\/wp\/v2\/posts\/9698"}],"collection":[{"href":"https:\/\/www.messinaoggi.it\/website\/wp-json\/wp\/v2\/posts"}],"about":[{"href":"https:\/\/www.messinaoggi.it\/website\/wp-json\/wp\/v2\/types\/post"}],"author":[{"embeddable":true,"href":"https:\/\/www.messinaoggi.it\/website\/wp-json\/wp\/v2\/users\/8"}],"replies":[{"embeddable":true,"href":"https:\/\/www.messinaoggi.it\/website\/wp-json\/wp\/v2\/comments?post=9698"}],"version-history":[{"count":0,"href":"https:\/\/www.messinaoggi.it\/website\/wp-json\/wp\/v2\/posts\/9698\/revisions"}],"wp:featuredmedia":[{"embeddable":true,"href":"https:\/\/www.messinaoggi.it\/website\/wp-json\/wp\/v2\/media\/9700"}],"wp:attachment":[{"href":"https:\/\/www.messinaoggi.it\/website\/wp-json\/wp\/v2\/media?parent=9698"}],"wp:term":[{"taxonomy":"category","embeddable":true,"href":"https:\/\/www.messinaoggi.it\/website\/wp-json\/wp\/v2\/categories?post=9698"},{"taxonomy":"post_tag","embeddable":true,"href":"https:\/\/www.messinaoggi.it\/website\/wp-json\/wp\/v2\/tags?post=9698"}],"curies":[{"name":"wp","href":"https:\/\/api.w.org\/{rel}","templated":true}]}}