{"id":96947,"date":"2022-02-12T10:07:35","date_gmt":"2022-02-12T09:07:35","guid":{"rendered":"https:\/\/www.messinaoggi.it\/website\/2022\/02\/12\/covid-costa-mascherine-al-chiuso-difficile-dare-date\/"},"modified":"2022-02-12T10:07:35","modified_gmt":"2022-02-12T09:07:35","slug":"covid-costa-mascherine-al-chiuso-difficile-dare-date","status":"publish","type":"post","link":"https:\/\/www.messinaoggi.it\/website\/2022\/02\/12\/covid-costa-mascherine-al-chiuso-difficile-dare-date\/","title":{"rendered":"Covid, Costa \u201cMascherine al chiuso? Difficile dare date\u201d"},"content":{"rendered":"<div>ROMA (ITALPRESS) &#8211; Per la caduta dell&#8217;obbligo delle mascherine al chiuso \u00e8 &#8220;difficile dare date e fare previsioni, dobbiamo procedere con gradualit\u00e0 e prudenza, valutare dati quotidiani che ci indicano un quadro migliore&#8221;. Lo ha detto Andrea Costa, sottosegretario di Stato al Ministero della Salute, intervistato da Rtl. &#8220;Per quanto riguarda le mascherine all&#8217;aperto, \u00e8 un segnale di fiducia importante dopo due anni di restrizioni, i cittadini hanno aderito con numeri importanti alla campagna vaccinale &#8211; prosegue &#8211; Discoteche? E&#8217; il settore che forse ha pagato il prezzo pi\u00f9 alto, da ieri anche per loro inizia un nuovo percorso che guarda al futuro con fiducia e positivit\u00e0. La nostra intenzione \u00e8 quello di avviare un percorso senza tornare indietro, confido che anche per questo comparto economica possa esserci gradualit\u00e0 e ritorno alla normalit\u00e0&#8221;. &#8220;Dobbiamo in tutti i modi cercare di ridurre la platea di non vaccinati, coloro che occupano prevalentemente le terapie intensive sono loro e non possiamo permettercelo perch\u00e8 dobbiamo dare l&#8217;opportunit\u00e0 agli ospedali di continuare con le attivit\u00e0 ordinarie. Sull&#8217;obbligo del super green pass rinforzato degli over 50 dobbiamo essere rigidi, andando anche oltre la scadenza del 15 giugno. Siamo convinti della scelta presa e dobbiamo assolutamente tenere il punto&#8221; ha proseguito Costa.<br \/>\n(ITALPRESS).<\/div>\n<div id=\"div-gpt-ad-Messinaoggi.it-DSK-300x250-corpoart\" style=\"text-align:center;margin:0 auto;\"><\/div><\/p><div id=\"videoincontent\" style=\"clear:both\";><\/div>","protected":false},"excerpt":{"rendered":"<p>ROMA (ITALPRESS) &#8211; Per la caduta dell&#8217;obbligo delle mascherine al chiuso \u00e8 &#8220;difficile dare date e fare previsioni, dobbiamo procedere con gradualit\u00e0 e prudenza, valutare dati quotidiani che ci indicano un quadro migliore&#8221;. Lo ha detto Andrea Costa, sottosegretario di Stato al Ministero della Salute, intervistato da Rtl. &#8220;Per quanto riguarda le mascherine all&#8217;aperto, \u00e8 [&hellip;]<\/p>\n","protected":false},"author":18,"featured_media":96948,"comment_status":"closed","ping_status":"closed","sticky":false,"template":"","format":"standard","meta":{"ub_ctt_via":"","_mi_skip_tracking":false},"categories":[446],"tags":[783],"featured_image_src":"https:\/\/www.messinaoggi.it\/website\/wp-content\/uploads\/2022\/02\/20220212_0192.jpg","author_info":{"display_name":"Admin","author_link":"https:\/\/www.messinaoggi.it\/website\/author\/admin\/"},"digistream_id":0,"digistream":false,"_links":{"self":[{"href":"https:\/\/www.messinaoggi.it\/website\/wp-json\/wp\/v2\/posts\/96947"}],"collection":[{"href":"https:\/\/www.messinaoggi.it\/website\/wp-json\/wp\/v2\/posts"}],"about":[{"href":"https:\/\/www.messinaoggi.it\/website\/wp-json\/wp\/v2\/types\/post"}],"author":[{"embeddable":true,"href":"https:\/\/www.messinaoggi.it\/website\/wp-json\/wp\/v2\/users\/18"}],"replies":[{"embeddable":true,"href":"https:\/\/www.messinaoggi.it\/website\/wp-json\/wp\/v2\/comments?post=96947"}],"version-history":[{"count":0,"href":"https:\/\/www.messinaoggi.it\/website\/wp-json\/wp\/v2\/posts\/96947\/revisions"}],"wp:featuredmedia":[{"embeddable":true,"href":"https:\/\/www.messinaoggi.it\/website\/wp-json\/wp\/v2\/media\/96948"}],"wp:attachment":[{"href":"https:\/\/www.messinaoggi.it\/website\/wp-json\/wp\/v2\/media?parent=96947"}],"wp:term":[{"taxonomy":"category","embeddable":true,"href":"https:\/\/www.messinaoggi.it\/website\/wp-json\/wp\/v2\/categories?post=96947"},{"taxonomy":"post_tag","embeddable":true,"href":"https:\/\/www.messinaoggi.it\/website\/wp-json\/wp\/v2\/tags?post=96947"}],"curies":[{"name":"wp","href":"https:\/\/api.w.org\/{rel}","templated":true}]}}