{"id":96941,"date":"2022-02-12T09:07:32","date_gmt":"2022-02-12T08:07:32","guid":{"rendered":"https:\/\/www.messinaoggi.it\/website\/2022\/02\/12\/bonomi-piu-incentivi-al-lavoro-misure-strutturali-sullenergia\/"},"modified":"2022-02-12T09:07:32","modified_gmt":"2022-02-12T08:07:32","slug":"bonomi-piu-incentivi-al-lavoro-misure-strutturali-sullenergia","status":"publish","type":"post","link":"https:\/\/www.messinaoggi.it\/website\/2022\/02\/12\/bonomi-piu-incentivi-al-lavoro-misure-strutturali-sullenergia\/","title":{"rendered":"Bonomi \u201cPi\u00f9 incentivi al lavoro, misure strutturali sull\u2019energia\u201d"},"content":{"rendered":"<div>ROMA (ITALPRESS) &#8211; \u00abEra chiaro che prima o poi le banche centrali avrebbero tirato una riga. In tanti si erano illusi si potesse continuare con l&#8217;helicopter money. Invece i nodi stanno venendo al pettine. Le regole europee saranno riviste, ma ci condizioneranno anche in futuro. E l&#8217;inflazione sale&#8221;. E&#8217; il pensiero del pesidente di Confindustria Carlo Bonomi, in una intervista al Corriere della Sera.<br \/>\n\u00abGrazie al sostegno della Bce il costo dell&#8217;intero debito \u00e8 al 2,4%, sotto la crescita del Pil. E grazie agli oltre 7 anni di durata media dei titoli di Stato l&#8217;impatto del rialzo tassi sar\u00e0 graduale. Ma per le imprese \u00e8 diverso: dovranno finanziarsi subito a costi sempre pi\u00f9 alti rispetto alle concorrenti europee, anche se sono altrettanto valide. Che risposta d\u00e0 la politica su questo?\u00bb.<br \/>\n\u00abSono d&#8217;accordo con Mario Draghi: con questo debito pubblico gigante, dobbiamo crescere, crescere, crescere. Eppure, sembra che il tema non interessi a nessuno. Pochi parlano di ci\u00f2 che serve per invertire la frenata e rafforzare l&#8217;economia nel medio e lungo periodo. Nell&#8217;anno che resta alle elezioni, ci si deve concentrare su quello che mi piace definire riformismo competitivo: non interventi a margine ma riforme efficaci, che rendano moderno e competitivo il Paese. Per un&#8217;economia che lavora e trasforma materie prime importate, \u00e8 la sola strada&#8221; continua Bonomi.<br \/>\nEntrando nel dettaglio delle riforme per il 2022 Bonomi dice:<br \/>\n\u00abGiustizia e concorrenza in primis. Su quest&#8217;ultima, spero non si finisca per allargare ancora gli affidamenti diretti in house a societ\u00e0 degli enti locali come successo per le gare del Pnrr. Lo trovo contraddittorio con l&#8217;enfasi pro-concorrenza delle prime pagine del Piano. Ma la vera sfida \u00e8 la delega fiscale: \u00e8 il momento di un taglio deciso e strutturale al peggior ostacolo della nostra competitivit\u00e0, il cuneo fiscale. Nel Paese lavora il 37% degli italiani, un&#8217;inezia. Vanno creati incentivi al lavoro\u00bb.<br \/>\nE sul caro energia le imprese chiedono aiuti oltre gli 11,5 miliardi stanziati dal governo fin qui: &#8220;Pre-pandemia, pagavamo otto miliardi l&#8217;anno di bolletta energetica. Quest&#8217;anno rischiano di essere 37. Servono interventi strutturali che aumentino l&#8217;offerta di energia, da destinare alle imprese. In Francia, il governo sta riservando il 70% dell&#8217;energia nucleare a basso costo alle imprese e anche noi abbiamo bisogno di qualcosa di simile, con le nostre capacit\u00e0. Possiamo raddoppiare la produzione nazionale di gas in 12-15 mesi e destinare una quota all&#8217;industria, con contratti pluriennali a prezzi ragionevoli. Possiamo aumentare la produzione da rinnovabili da riservare all&#8217;industria. Ci sono centinaia di impianti di rinnovabili fermi per questioni amministrative. E&#8217; tempo di sbloccarli\u00bb.<br \/>\n(ITALPRESS)<\/div>\n<div id=\"div-gpt-ad-Messinaoggi.it-DSK-300x250-corpoart\" style=\"text-align:center;margin:0 auto;\"><\/div><\/p><div id=\"videoincontent\" style=\"clear:both\";><\/div>","protected":false},"excerpt":{"rendered":"<p>ROMA (ITALPRESS) &#8211; \u00abEra chiaro che prima o poi le banche centrali avrebbero tirato una riga. In tanti si erano illusi si potesse continuare con l&#8217;helicopter money. Invece i nodi stanno venendo al pettine. Le regole europee saranno riviste, ma ci condizioneranno anche in futuro. E l&#8217;inflazione sale&#8221;. E&#8217; il pensiero del pesidente di Confindustria [&hellip;]<\/p>\n","protected":false},"author":18,"featured_media":96942,"comment_status":"closed","ping_status":"closed","sticky":false,"template":"","format":"standard","meta":{"ub_ctt_via":"","_mi_skip_tracking":false},"categories":[446],"tags":[783],"featured_image_src":"https:\/\/www.messinaoggi.it\/website\/wp-content\/uploads\/2022\/02\/20220212_0142.jpg","author_info":{"display_name":"Admin","author_link":"https:\/\/www.messinaoggi.it\/website\/author\/admin\/"},"digistream_id":0,"digistream":false,"_links":{"self":[{"href":"https:\/\/www.messinaoggi.it\/website\/wp-json\/wp\/v2\/posts\/96941"}],"collection":[{"href":"https:\/\/www.messinaoggi.it\/website\/wp-json\/wp\/v2\/posts"}],"about":[{"href":"https:\/\/www.messinaoggi.it\/website\/wp-json\/wp\/v2\/types\/post"}],"author":[{"embeddable":true,"href":"https:\/\/www.messinaoggi.it\/website\/wp-json\/wp\/v2\/users\/18"}],"replies":[{"embeddable":true,"href":"https:\/\/www.messinaoggi.it\/website\/wp-json\/wp\/v2\/comments?post=96941"}],"version-history":[{"count":0,"href":"https:\/\/www.messinaoggi.it\/website\/wp-json\/wp\/v2\/posts\/96941\/revisions"}],"wp:featuredmedia":[{"embeddable":true,"href":"https:\/\/www.messinaoggi.it\/website\/wp-json\/wp\/v2\/media\/96942"}],"wp:attachment":[{"href":"https:\/\/www.messinaoggi.it\/website\/wp-json\/wp\/v2\/media?parent=96941"}],"wp:term":[{"taxonomy":"category","embeddable":true,"href":"https:\/\/www.messinaoggi.it\/website\/wp-json\/wp\/v2\/categories?post=96941"},{"taxonomy":"post_tag","embeddable":true,"href":"https:\/\/www.messinaoggi.it\/website\/wp-json\/wp\/v2\/tags?post=96941"}],"curies":[{"name":"wp","href":"https:\/\/api.w.org\/{rel}","templated":true}]}}