{"id":96939,"date":"2022-02-12T08:07:34","date_gmt":"2022-02-12T07:07:34","guid":{"rendered":"https:\/\/www.messinaoggi.it\/website\/2022\/02\/12\/toti-mai-pensato-a-draghi-come-leader-dellarea-di-centro\/"},"modified":"2022-02-12T08:07:34","modified_gmt":"2022-02-12T07:07:34","slug":"toti-mai-pensato-a-draghi-come-leader-dellarea-di-centro","status":"publish","type":"post","link":"https:\/\/www.messinaoggi.it\/website\/2022\/02\/12\/toti-mai-pensato-a-draghi-come-leader-dellarea-di-centro\/","title":{"rendered":"Toti \u201cMai pensato a Draghi come leader dell\u2019area di centro\u201d"},"content":{"rendered":"<div>ROMA (ITALPRESS) &#8211; \u00abFrancamente io non l&#8217;ho mai pensato\u00bb. Risponde cos\u00ec Giovanni Toti, vicepresidente di Coraggio Italia e governatore della Liguria, in una inervista al Corriere della Sera sull&#8217;eventuale discesa in campo di Mario Draghi come federatore dell&#8217;area di centro.<br \/>\n\u00abChi immaginava che Draghi potesse lanciarsi in una avventura politica nel 2023 sbagliava i conti. Forse \u00e8 stato solo un sogno di qualcuno&#8221; prosegue Toti. &#8220;Non rientra nella storia personale dell&#8217;ex governatore della Bce. Draghi non far\u00e0 mai quello che ha fatto Monti, anche perch\u00e8 quell&#8217;esperienza induce chiunque a non ripeterla\u00bb.<br \/>\n\u00abNon ci siamo mai rivolti a Draghi. Altra cosa \u00e8 che l&#8217;area di centro faccia propria l&#8217;eredit\u00e0 politica dell&#8217;azione di governo. L&#8217;agenda Draghi sar\u00e0 la piattaforma dell&#8217;area di centro?<br \/>\nA oggi il centro \u00e8 pi\u00f9 un&#8217;evocazione suggestiva che una realt\u00e0 concreta. Occorrer\u00e0 vedere quante saranno le volont\u00e0 che vorranno costruire questo progetto. Di certo, tutti i partiti che fanno parte del centrodestra e del centrosinistra dovranno fare i conti con l&#8217;eredit\u00e0 del governo Draghi. Mi auguro un altro governo guidato da Draghi? Mi auguro che il prossimo esecutivo si ispiri a quelle linee di buon governo\u00bb.<br \/>\n(ITALPRESS).<\/div>\n<div id=\"div-gpt-ad-Messinaoggi.it-DSK-300x250-corpoart\" style=\"text-align:center;margin:0 auto;\"><\/div><\/p><div id=\"videoincontent\" style=\"clear:both\";><\/div>","protected":false},"excerpt":{"rendered":"<p>ROMA (ITALPRESS) &#8211; \u00abFrancamente io non l&#8217;ho mai pensato\u00bb. Risponde cos\u00ec Giovanni Toti, vicepresidente di Coraggio Italia e governatore della Liguria, in una inervista al Corriere della Sera sull&#8217;eventuale discesa in campo di Mario Draghi come federatore dell&#8217;area di centro. \u00abChi immaginava che Draghi potesse lanciarsi in una avventura politica nel 2023 sbagliava i conti. [&hellip;]<\/p>\n","protected":false},"author":18,"featured_media":96940,"comment_status":"closed","ping_status":"closed","sticky":false,"template":"","format":"standard","meta":{"ub_ctt_via":"","_mi_skip_tracking":false},"categories":[446],"tags":[783],"featured_image_src":"https:\/\/www.messinaoggi.it\/website\/wp-content\/uploads\/2022\/02\/20220212_0128.jpg","author_info":{"display_name":"Admin","author_link":"https:\/\/www.messinaoggi.it\/website\/author\/admin\/"},"digistream_id":0,"digistream":false,"_links":{"self":[{"href":"https:\/\/www.messinaoggi.it\/website\/wp-json\/wp\/v2\/posts\/96939"}],"collection":[{"href":"https:\/\/www.messinaoggi.it\/website\/wp-json\/wp\/v2\/posts"}],"about":[{"href":"https:\/\/www.messinaoggi.it\/website\/wp-json\/wp\/v2\/types\/post"}],"author":[{"embeddable":true,"href":"https:\/\/www.messinaoggi.it\/website\/wp-json\/wp\/v2\/users\/18"}],"replies":[{"embeddable":true,"href":"https:\/\/www.messinaoggi.it\/website\/wp-json\/wp\/v2\/comments?post=96939"}],"version-history":[{"count":0,"href":"https:\/\/www.messinaoggi.it\/website\/wp-json\/wp\/v2\/posts\/96939\/revisions"}],"wp:featuredmedia":[{"embeddable":true,"href":"https:\/\/www.messinaoggi.it\/website\/wp-json\/wp\/v2\/media\/96940"}],"wp:attachment":[{"href":"https:\/\/www.messinaoggi.it\/website\/wp-json\/wp\/v2\/media?parent=96939"}],"wp:term":[{"taxonomy":"category","embeddable":true,"href":"https:\/\/www.messinaoggi.it\/website\/wp-json\/wp\/v2\/categories?post=96939"},{"taxonomy":"post_tag","embeddable":true,"href":"https:\/\/www.messinaoggi.it\/website\/wp-json\/wp\/v2\/tags?post=96939"}],"curies":[{"name":"wp","href":"https:\/\/api.w.org\/{rel}","templated":true}]}}