{"id":96928,"date":"2022-02-12T07:50:53","date_gmt":"2022-02-12T06:50:53","guid":{"rendered":"http:\/\/www.messinaoggi.it\/website\/?p=96928"},"modified":"2022-02-11T21:55:59","modified_gmt":"2022-02-11T20:55:59","slug":"green-pass-disobbedienza-civile-scrive-ai-parlamentari-liberta-calpestate-urge-un-dibattito-in-aula","status":"publish","type":"post","link":"https:\/\/www.messinaoggi.it\/website\/2022\/02\/12\/green-pass-disobbedienza-civile-scrive-ai-parlamentari-liberta-calpestate-urge-un-dibattito-in-aula\/","title":{"rendered":"Green pass, Disobbedienza civile scrive ai parlamentari: \u201cLibert\u00e0 calpestate, urge un dibattito in Aula\u201d"},"content":{"rendered":"\n<p>Parte da circa duecento messinesi del gruppo Disobbedienza civile una lettera-appello ai parlamentari italiani, nell\u2019ambito della quale vengono esortati ad avviare urgentemente un dibattito sulle libert\u00e0 fondamentali degli italiani, che a detta del collettivo sarebbero state calpestate, specie nei confronti dei circa 10 milioni di italiani non ancora vaccinati. Riportiamo qui di seguito alcuni estratti della lettera-appello, che pu\u00f2 essere letta in forma integrale, con tanto di elenco dei firmatari, <a href=\"http:\/\/www.messinaoggi.it\/website\/wp-content\/uploads\/2022\/02\/documento-per-parlamentari-11.02.2022-definitiva.pdf\">cliccando qui<\/a>.<div id=\"div-gpt-ad-Messinaoggi.it-DSK-300x250-corpoart\" style=\"text-align:center;margin:0 auto;\"><\/div><\/p>\n\n\n\n<p>\u201cA due anni dallo scoppio della pandemia, \u00e8 ormai palese una grave discriminazione ai danni di circa 10 milioni di cittadini italiani non vaccinati, che soffrono limitazioni delle libert\u00e0 fondamentali riconosciute dalla Carta Costituzionale e dalle convenzioni internazionali, molto pi\u00f9 penetranti di quanto non sia accaduto nel corso della prima fase dell\u2019emergenza.<div id=\"videoincontent\" style=\"clear:both\";><\/div><\/p>\n\n\n\n<p>\u201cIl culmine della violazione dei diritti umani si \u00e8 raggiunta con il sequestro di tutti i cittadini non vaccinati presenti sulle isole alla mezzanotte del 9 gennaio del 2022: i siciliani sono stati liberati solo grazie ad un\u2019ordinanza illegittima dei presidenti delle Regioni di Sicilia e Calabria, che il governo non ha neppure impugnato, segno evidente della consapevolezza del grave abuso.<\/p>\n\n\n\n<p>\u201cSolo qualche giorno fa, il Consiglio d\u2019Europa, organo istituito con la Convenzione europea dei diritti dell\u2019uomo, nella risoluzione del 27 gennaio del 2022 ha ribadito la raccomandazione di \u2018utilizzare i certificati di vaccinazione solo allo scopo designato di monitorare l&#8217;efficacia del vaccino, i potenziali effetti collaterali e le reazioni avverse\u2019, come gi\u00e0 era stato richiesto dall&#8217;Assemblea nella sua Risoluzione 2361 del 2021. D\u2019altro canto, la stessa Risoluzione 2361\/2021 del Consiglio d\u2019Europa aveva raccomandato di \u2018garantire che nessuno sia discriminato per non essere stato vaccinato, per potenziali rischi per la salute o per non volersi vaccinare\u2019.<\/p>\n\n\n\n<p>\u201cLa discriminazione in Italia \u00e8 giunta sin dentro le aule scolastiche: da ultimo, infatti, il Governo italiano \u00e8 arrivato a prevedere per legge la discriminazione &#8211; senza alcuna evidenza scientifica di utilit\u00e0 per la salute &#8211; tra i bambini (vaccinati e non vaccinati) a scuola, luogo per eccellenza dell\u2019inclusione e dell\u2019integrazione. Il diritto alla libert\u00e0 di decidere della propria salute \u00e8 sancito dall\u2019articolo 32 della Costituzione e, in particolare dall\u2019ultimo comma, che fa espresso divieto al Parlamento di emanare leggi che obblighino i cittadini a cure mediche che non siano rispettose della dignit\u00e0 umana: tali debbono considerarsi i trattamenti medici la cui sicurezza non sia stata validata da adeguata sperimentazione prima dell\u2019immissione in commercio. Tale assoluto divieto \u00e8 stato inserito dai Padri Costituenti proprio al fine di evitare che si potessero ripetere le atrocit\u00e0 verificatesi durante la Seconda guerra mondiale. L\u2019obbligo di vaccinazione, peraltro introdotto dal Governo con decreto legge, \u00e8 quindi in netto e palese contrasto con la predetta norma costituzionale.<\/p>\n\n\n\n<p>\u201c\u00c8 tempo che ciascun parlamentare comprenda che non \u00e8 privando di tutti i diritti di cittadinanza una minoranza di 10 milioni di cittadini, non \u00e8 creando delle spaccature insanabili nella comunit\u00e0, non \u00e8 lacerando le famiglie che si tutela davvero la salute e il benessere collettivo. \u00c8 arrivata l\u2019ora che ciascun parlamentare si ricordi che \u00e8 il rappresentante di tutti i cittadini. Chiediamo quindi ai senatori e ai deputati italiani di avviare urgentemente in Parlamento un dibattito sulle libert\u00e0 fondamentali degli italiani e con comportamenti concreti di ricondurre la legislazione al rispetto dei principi repubblicani, bloccando cos\u00ec la deriva autoritaria\u201d.<\/p>\n","protected":false},"excerpt":{"rendered":"<p>Parte da circa duecento messinesi del gruppo Disobbedienza civile una lettera-appello ai parlamentari italiani, nell\u2019ambito della quale vengono esortati ad avviare urgentemente un dibattito sulle libert\u00e0 fondamentali degli italiani, che a detta del collettivo sarebbero state calpestate, specie nei confronti dei circa 10 milioni di italiani non ancora vaccinati. Riportiamo qui di seguito alcuni estratti [&hellip;]<\/p>\n","protected":false},"author":8,"featured_media":78769,"comment_status":"open","ping_status":"open","sticky":false,"template":"","format":"standard","meta":{"ub_ctt_via":"","_mi_skip_tracking":false},"categories":[5],"tags":[3821],"featured_image_src":"https:\/\/www.messinaoggi.it\/website\/wp-content\/uploads\/2021\/09\/green-pass.jpg","author_info":{"display_name":"red..me","author_link":"https:\/\/www.messinaoggi.it\/website\/author\/redstage\/"},"digistream_id":0,"digistream":false,"_links":{"self":[{"href":"https:\/\/www.messinaoggi.it\/website\/wp-json\/wp\/v2\/posts\/96928"}],"collection":[{"href":"https:\/\/www.messinaoggi.it\/website\/wp-json\/wp\/v2\/posts"}],"about":[{"href":"https:\/\/www.messinaoggi.it\/website\/wp-json\/wp\/v2\/types\/post"}],"author":[{"embeddable":true,"href":"https:\/\/www.messinaoggi.it\/website\/wp-json\/wp\/v2\/users\/8"}],"replies":[{"embeddable":true,"href":"https:\/\/www.messinaoggi.it\/website\/wp-json\/wp\/v2\/comments?post=96928"}],"version-history":[{"count":1,"href":"https:\/\/www.messinaoggi.it\/website\/wp-json\/wp\/v2\/posts\/96928\/revisions"}],"predecessor-version":[{"id":96930,"href":"https:\/\/www.messinaoggi.it\/website\/wp-json\/wp\/v2\/posts\/96928\/revisions\/96930"}],"wp:featuredmedia":[{"embeddable":true,"href":"https:\/\/www.messinaoggi.it\/website\/wp-json\/wp\/v2\/media\/78769"}],"wp:attachment":[{"href":"https:\/\/www.messinaoggi.it\/website\/wp-json\/wp\/v2\/media?parent=96928"}],"wp:term":[{"taxonomy":"category","embeddable":true,"href":"https:\/\/www.messinaoggi.it\/website\/wp-json\/wp\/v2\/categories?post=96928"},{"taxonomy":"post_tag","embeddable":true,"href":"https:\/\/www.messinaoggi.it\/website\/wp-json\/wp\/v2\/tags?post=96928"}],"curies":[{"name":"wp","href":"https:\/\/api.w.org\/{rel}","templated":true}]}}