{"id":96842,"date":"2022-02-11T14:32:54","date_gmt":"2022-02-11T13:32:54","guid":{"rendered":"https:\/\/www.messinaoggi.it\/website\/2022\/02\/11\/allo-zen-di-palermo-nasce-il-poliambulatorio-eugenio-emanuele\/"},"modified":"2022-02-11T14:32:54","modified_gmt":"2022-02-11T13:32:54","slug":"allo-zen-di-palermo-nasce-il-poliambulatorio-eugenio-emanuele","status":"publish","type":"post","link":"https:\/\/www.messinaoggi.it\/website\/2022\/02\/11\/allo-zen-di-palermo-nasce-il-poliambulatorio-eugenio-emanuele\/","title":{"rendered":"Allo Zen di Palermo nasce il poliambulatorio \u201cEugenio Emanuele\u201d"},"content":{"rendered":"<div>\n<p>PALERMO (ITALPRESS) \u2013 Una struttura sanitaria nuova di zecca per fornire al quartiere Zen di Palermo, e nelle zone circostanti, un\u2019assistenza sanitaria a 360 gradi. E\u2019 il Presidio Sanitario \u201cEugenio Emanuele\u201d, inaugurato in via Luigi Einaudi 99, a San Filippo Neri. La realizzazione del centro \u00e8 stata possibile grazie alla Fondazione Terzo Pilastro \u2013 Internazionale su preciso impulso del suo presidente, Emmanuele F.M. Emanuele, ed \u00e8 dedicato alla memoria del padre medico palermitano che si occup\u00f2 in vita, con grande spirito di abnegazione, dei pi\u00f9 bisognosi. \u201cSono emozionato e felice un qualcosa che mio padre mi ha trasmesso, la vicinanza ai meno fortunati, quelli che lui chiamava ultimi e verso i quali si prodigava con una costante attenzione quotidiana. Questo mi ha spinto nel corso della vita ad aiutare malati e bisognosi\u201d, commenta in video conferenza il mecenate Emmanuele F.M. Emanuele. <br \/>L\u2019iniziativa \u00e8 curata dall\u2019Associazione Laboratorio Zen Insieme, in collaborazione con lo Iacp \u2013 Istituto Case Popolari di Palermo, proprietario dell\u2019immobile, e si \u00e8 avvalsa del contributo anche di Unicredit Foundation e della Chiesa di Ges\u00f9 Cristo dei Santi degli ultimi giorni. <br \/>\u201cEra un desiderio di lunga data quello di occuparci della povert\u00e0 sanitaria e la difficolt\u00e0 di chi sta ai margini di accedere al diritto alla salute \u2013 spiega la presidente di Zen Insieme, Mariangela Di Gangi -. Abbiamo lavorato per un servizio di prossimit\u00e0, a volte anche diritti garantiti non sono facilmente accessibili. Attraverso questo presidio avviciniamo il diritto alla salute ai cittadini dello Zen. Il tutto con un occhio di riguardo verso l\u2019infanzia, perch\u00e8 certi problemi che possono essere semplici, se tralasciati in tenera et\u00e0, possono diventare anche disabilit\u00e0 o problematiche pi\u00f9 serie\u201d. <br \/>Grande soddisfazione anche da parte del sindaco di Palermo, Leoluca Orlando: \u201cE\u2019 un atto di amore verso la citt\u00e0 da parte della Fondazione Terzo Pilastro \u2013 Internazionale, che ha pensato di dedicare questo spazio ad un medico palermitano. Esprimo grande gratitudine verso la Fondazione e il suo presidente Emmanuele Emanuele che \u00e8 stato nominato da me tre anni fa ambasciatore delle culture per la sua capacit\u00e0 di vivere relazioni internazionali di altissimo livello, ma questo non gli ha fatto dimenticare la sua citt\u00e0. Lui mette insieme radici e ali, mette insieme le esigenze di prevenzione, di salute dello Zen e della intera citt\u00e0 con la sua visione internazionale\u201d.<br \/>\u201cE\u2019 una cosa bellissima \u2013 sottolinea il commissario per l\u2019emergenza Covid della provincia di Palermo, Renato Costa -.  E\u2019 l\u2019esempio di una buona medicina. Serve a cambiare anche un dato culturale, avere un presidio sanitario non vuol dire solo curare le persone \u2013 sarebbe estremamente riduttivo \u2013 ma avere un presidio del genere significa prendersi cura di una persona. Non solo una cura medica ma anche una condizione di benessere psicofisico e sociale. Non \u00e8 una sostituzione del medico di medicina generale o il sistema sanitario, ma un qualcosa in pi\u00f9\u201d. Presenti all\u2019inaugurazione anche il Commissario dello Iacp, Fabrizio Pandolfo, il Comandante provinciale dei Carabinieri, generale Giuseppe De Liso, e il Primo dirigente della Polizia di Stato, Giuseppe De Blasi.<br \/>(ITALPRESS).<div id=\"div-gpt-ad-Messinaoggi.it-DSK-300x250-corpoart\" style=\"text-align:center;margin:0 auto;\"><\/div><\/p>\n<\/div>\n<div id=\"videoincontent\" style=\"clear:both\";><\/div>","protected":false},"excerpt":{"rendered":"<p>PALERMO (ITALPRESS) \u2013 Una struttura sanitaria nuova di zecca per fornire al quartiere Zen di Palermo, e nelle zone circostanti, un\u2019assistenza sanitaria a 360 gradi. E\u2019 il Presidio Sanitario \u201cEugenio Emanuele\u201d, inaugurato in via Luigi Einaudi 99, a San Filippo Neri. La realizzazione del centro \u00e8 stata possibile grazie alla Fondazione Terzo Pilastro \u2013 Internazionale [&hellip;]<\/p>\n","protected":false},"author":18,"featured_media":96843,"comment_status":"closed","ping_status":"closed","sticky":false,"template":"","format":"standard","meta":{"ub_ctt_via":"","_mi_skip_tracking":false},"categories":[2449],"tags":[783],"featured_image_src":"https:\/\/www.messinaoggi.it\/website\/wp-content\/uploads\/2022\/02\/20220211_1030.jpg","author_info":{"display_name":"Admin","author_link":"https:\/\/www.messinaoggi.it\/website\/author\/admin\/"},"digistream_id":0,"digistream":false,"_links":{"self":[{"href":"https:\/\/www.messinaoggi.it\/website\/wp-json\/wp\/v2\/posts\/96842"}],"collection":[{"href":"https:\/\/www.messinaoggi.it\/website\/wp-json\/wp\/v2\/posts"}],"about":[{"href":"https:\/\/www.messinaoggi.it\/website\/wp-json\/wp\/v2\/types\/post"}],"author":[{"embeddable":true,"href":"https:\/\/www.messinaoggi.it\/website\/wp-json\/wp\/v2\/users\/18"}],"replies":[{"embeddable":true,"href":"https:\/\/www.messinaoggi.it\/website\/wp-json\/wp\/v2\/comments?post=96842"}],"version-history":[{"count":0,"href":"https:\/\/www.messinaoggi.it\/website\/wp-json\/wp\/v2\/posts\/96842\/revisions"}],"wp:featuredmedia":[{"embeddable":true,"href":"https:\/\/www.messinaoggi.it\/website\/wp-json\/wp\/v2\/media\/96843"}],"wp:attachment":[{"href":"https:\/\/www.messinaoggi.it\/website\/wp-json\/wp\/v2\/media?parent=96842"}],"wp:term":[{"taxonomy":"category","embeddable":true,"href":"https:\/\/www.messinaoggi.it\/website\/wp-json\/wp\/v2\/categories?post=96842"},{"taxonomy":"post_tag","embeddable":true,"href":"https:\/\/www.messinaoggi.it\/website\/wp-json\/wp\/v2\/tags?post=96842"}],"curies":[{"name":"wp","href":"https:\/\/api.w.org\/{rel}","templated":true}]}}