{"id":9681,"date":"2017-10-15T18:00:59","date_gmt":"2017-10-15T16:00:59","guid":{"rendered":"http:\/\/www.messinaoggi.it\/website\/?p=9681"},"modified":"2017-10-15T18:00:59","modified_gmt":"2017-10-15T16:00:59","slug":"le-parole-di-mister-modica-dal-muscolo-di-roccella","status":"publish","type":"post","link":"https:\/\/www.messinaoggi.it\/website\/2017\/10\/15\/le-parole-di-mister-modica-dal-muscolo-di-roccella\/","title":{"rendered":"Le parole di mister Modica dal Muscolo di Roccella"},"content":{"rendered":"<p>Subito dopo la sconfitta contro il Roccella l\u2019unico a presentarsi nella sala stampa del Muscolo di Roccella \u00e8 il nuovo allenatore del Messina Giacomo Modica, che si \u00e8 lasciato andare ad una lucida analisi del momento che sta attraversando la squadra: \u201c<em>Bisogna essere bravi e stare uniti, compatti. Non stiamo bene fisicamente e mentalmente. Dobbiamo lavorare tanto e dobbiamo farlo tutti insieme\u201d. <\/em>\u00a0Il mister ha confermato il leitmotiv ormai noto della necessit\u00e0 di intervenire sul mercato, ma ha anche riconosciuto di avere a disposizione diversi elementi di buon livello per la Serie D, sebbene manchi la coesione tra gli stessi: \u201c<em>Occorre trovare un buon rapporto qualit\u00e0 prezzo in funzione di quello che \u00e8 dicembre e poi fare il possibile per migliorare la squadra e aggiustarla. La squadra non ha un\u2019anima, necessaria per diventare una vera e propria squadra. Individualmente siamo una buona squadra per la Serie D, ma nei dettami tattici c\u2019\u00e8 tanto da lavorare. Serve meno individualit\u00e0 e pi\u00f9 gioco di squadra. In questo momento posso solo ringraziare la squadra per l\u2019impegno messo in campo, ma obiettivamente giochiamo molto poco\u201d. <\/em>Spazio anche ai progressi che gli attuali calciatori in rosa possono dare o meno nel prosieguo del campionato:<em> \u201cC\u2019\u00e8 margine di crescita, ma la pressione \u00e8 senza dubbio alta, perch\u00e8 Messina \u00e8 una piazza importante. Sono convinto che le qualit\u00e0 si devono ancora tirare fuori\u201d. <\/em>Infine chiusura sulle prestazioni di alcuni singoli: \u201c<em>Ho visto l\u2019interno di centrocampo (Bossa, ndr) e l\u2019esterno in attacco (Bonadio, ndr) in difficolt\u00e0, ma non posso colpevolizzarli. Migliorini mi \u00e8 piaciuto molto, ma \u00e8 stata una questione tattica. In quello specifico momento della gara avevo bisogno della gamba di Maiorano. Adesso bisogna solo lavorare, ricostruire e ripartire\u201d. <\/em>Gi\u00e0, ripartire, un compito che non si preannunci dei pi\u00f9 semplici: infatti domenica prossima al <em>Franco Scoglio <\/em>il Messina ospiter\u00e0 la capolista Troina nell\u2019ultimo turno previsto alle ore 15 prima del cambio di orario. A Modica e alla societ\u00e0, compreso il nuovo ds Lamazza, il compito di aggiustare il motore e ripartire per abbandonare al pi\u00f9 presto i bassifondi della classifica.<br \/>\n <div id=\"div-gpt-ad-Messinaoggi.it-DSK-300x250-corpoart\" style=\"text-align:center;margin:0 auto;\"><\/div><\/p>\n<div id=\"videoincontent\" style=\"clear:both\";><\/div>","protected":false},"excerpt":{"rendered":"<p>Subito dopo la sconfitta contro il Roccella l\u2019unico a presentarsi nella sala stampa del Muscolo di Roccella \u00e8 il nuovo allenatore del Messina Giacomo Modica, che si \u00e8 lasciato andare ad una lucida analisi del momento che sta attraversando la squadra: \u201cBisogna essere bravi e stare uniti, compatti. Non stiamo bene fisicamente e mentalmente. Dobbiamo [&hellip;]<\/p>\n","protected":false},"author":13,"featured_media":9683,"comment_status":"closed","ping_status":"open","sticky":false,"template":"","format":"standard","meta":{"ub_ctt_via":"","_mi_skip_tracking":false},"categories":[10,9],"tags":[],"featured_image_src":"https:\/\/www.messinaoggi.it\/website\/wp-content\/uploads\/2017\/10\/Acr-Sciotto-Modica.jpg","author_info":{"display_name":"Alessandro Tavani","author_link":"https:\/\/www.messinaoggi.it\/website\/author\/a-tavani\/"},"digistream_id":0,"digistream":false,"_links":{"self":[{"href":"https:\/\/www.messinaoggi.it\/website\/wp-json\/wp\/v2\/posts\/9681"}],"collection":[{"href":"https:\/\/www.messinaoggi.it\/website\/wp-json\/wp\/v2\/posts"}],"about":[{"href":"https:\/\/www.messinaoggi.it\/website\/wp-json\/wp\/v2\/types\/post"}],"author":[{"embeddable":true,"href":"https:\/\/www.messinaoggi.it\/website\/wp-json\/wp\/v2\/users\/13"}],"replies":[{"embeddable":true,"href":"https:\/\/www.messinaoggi.it\/website\/wp-json\/wp\/v2\/comments?post=9681"}],"version-history":[{"count":0,"href":"https:\/\/www.messinaoggi.it\/website\/wp-json\/wp\/v2\/posts\/9681\/revisions"}],"wp:featuredmedia":[{"embeddable":true,"href":"https:\/\/www.messinaoggi.it\/website\/wp-json\/wp\/v2\/media\/9683"}],"wp:attachment":[{"href":"https:\/\/www.messinaoggi.it\/website\/wp-json\/wp\/v2\/media?parent=9681"}],"wp:term":[{"taxonomy":"category","embeddable":true,"href":"https:\/\/www.messinaoggi.it\/website\/wp-json\/wp\/v2\/categories?post=9681"},{"taxonomy":"post_tag","embeddable":true,"href":"https:\/\/www.messinaoggi.it\/website\/wp-json\/wp\/v2\/tags?post=9681"}],"curies":[{"name":"wp","href":"https:\/\/api.w.org\/{rel}","templated":true}]}}