{"id":96722,"date":"2022-02-10T17:17:35","date_gmt":"2022-02-10T16:17:35","guid":{"rendered":"https:\/\/www.messinaoggi.it\/website\/2022\/02\/10\/sud-sbarra-questione-non-solo-nazionale-ma-anche-europea\/"},"modified":"2022-02-10T17:17:35","modified_gmt":"2022-02-10T16:17:35","slug":"sud-sbarra-questione-non-solo-nazionale-ma-anche-europea","status":"publish","type":"post","link":"https:\/\/www.messinaoggi.it\/website\/2022\/02\/10\/sud-sbarra-questione-non-solo-nazionale-ma-anche-europea\/","title":{"rendered":"Sud, Sbarra: \u201cQuestione non solo nazionale ma anche europea\u201d"},"content":{"rendered":"<div>\n<p>ISOLA DELLE FEMMINE (PALERMO) (ITALPRESS) \u2013 \u201cFa bene il governo a prevedere misure finanziarie ampie per arginare il caro bollette\u201d. Cos\u00ec Luigi Sbarra, segretario nazionale della Cisl, a margine del terzo congresso provinciale della Cisl Palermo Trapani \u201cEsserci per Cambiare\u201d in corso all\u2019hotel Saracen di Isola delle Femmine. <br \/>\u201cE\u2019 un tema che abbiamo gi\u00e0 sollevato in fase di approvazione della legge di stabilit\u00e0 e grazie a noi \u00e8 stato inserito un fondo di quasi 4 miliardi \u2013 aggiunge -. Sono cifre importanti ma insufficienti, perch\u00e8 nei prossimi mesi dovremo fronteggiare una crisi lunga e pesante anche per famiglie, lavoratori dipendenti, pensionati e imprese. Fa bene il presidente Draghi quando afferma che la crescita \u00e8 il miglior custode della stabilit\u00e0, ma abbiamo necessit\u00e0 di misure urgenti, di provvedimenti strutturali perch\u00e8 abbiamo un sistema economico in grande sofferenza per l\u2019alto costo dell\u2019energia, per la mancanza di materie prime e abbiamo una popolazione lavorativa e anziani che stanno soffrendo incredibilmente questi aumenti della bolletta, prezzi, tariffe che stanno erodendo il potere di acquisto di salari, stipendi e pensioni. Ecco perch\u00e8 pensiamo che il governo deve affrettarsi nel mettere in campo misure importanti e tutto ci\u00f2 deve essere inserito in un contesto e confronto pi\u00f9 largo\u201d.<br \/>\u201cPensiamo sia giunto il tempo \u2013 sottolinea Sbarra \u2013 di discutere di politica dei redditi, di come sosteniamo le fasce deboli, di come riduciamo il peso della tassazione fiscale per i lavoratori dipendenti e per i pensionati, di come sosteniamo anche l\u2019allargamento della contrattazione, specie quella di secondo livello, per alzare produttivit\u00e0 e in parte redistribuirla e di come detassiamo i premi di risultato gli accordi di welfare aziendale\u201d. \u201cChiediamo quindi al governo \u2013 aggiunge \u2013 di aprire una vera fase di confronto per discutere di politica dei redditi e di come governiamo questa fiammata inflazionistica che taglia i redditi delle famiglie italiane\u201d.<br \/>\u201cIl Mezzogiorno \u2013 prosegue il leader della Cisl \u2013 deve diventare una vera grande questione non solo nazionale ma anche europea\u201d. \u201cSiamo fiduciosi che il Pnrr abbia determinato questo vincolo e condizionalit\u00e0 del 40% di risorse da assegnare alla aree meridionali \u2013 aggiunge -. Nei prossimi anni avremo risorse imponenti che dovremo spendere a livello nazionale per rimettere in moto crescita, sviluppo, qualit\u00e0 e stabilit\u00e0 del lavoro. Dei 500 miliardi che avremo da spendere tra Pnrr, riprogrammazione dei fondi comunitari, delle risorse del fondo sviluppo e coesione, quasi 200 miliardi sono destinati al Mezzogiorno. E\u2019 un\u2019opportunit\u00e0 per fare grandi investimenti sulle infrastrutture, sulle reti energetiche e digitali, sulle vie di comunicazione\u201d.<br \/>\u201cLe risorse del Pnrr sono un\u2019opportunit\u00e0 irripetibile che dobbiamo cogliere utilizzando tutte le risorse ed evitando di disperderle\u201d, evidenzia Sbarra, che aggiunge: \u201cSono importanti per dare quella spinta al Paese per risollevarsi dalle macerie dell\u2019emergenza sanitaria. Ci giochiamo tutto sulla qualit\u00e0 della spesa. Ecco perch\u00e8 stiamo chiedendo che soprattutto negli Enti locali del Mezzogiorno bisogna aprire a cicli di nuove assunzioni, dobbiamo portare competenze nuove, energie fresche e saperi sotto il profilo progettuale e amministrativo perch\u00e8 dobbiamo evitare il rischio che le realt\u00e0 deboli, che maggiormente hanno bisogno di queste risorse, per un deficit di progettualit\u00e0 e competenze sacrificano risorse che magari poi saremo chiamati a restituire all\u2019UE. Ecco perch\u00e8 stiamo chiedendo al governo pi\u00f9 assunzioni nella pubblica amministrazione \u2013 soprattutto nelle aree meridionali \u2013 e maggiori competenza che dobbiamo sapere utilizzare per impegnare fino in fondo le risorse\u201d.<br \/>\u201cDobbiamo rafforzare la produzione di energia nei confini nazionali \u2013 sottolinea ancora il leader della Cisl -. In questa fase stiamo pagando errori del passato, una sorta di ambientalismo e ideologia del \u2018n\u00f2, di chi per molto tempo ha detto no al nucleare, ai rigassificatori, ai termovalorizzatori. Adesso dobbiamo recuperare quanto pi\u00f9 possibile in un quadro di sostenibilit\u00e0, la sfida verso il green. Dobbiamo mandare in profondit\u00e0 l\u2019intervento e il sostengo sulle energie rinnovabili, dobbiamo iniziare a fare ricerche sul tema dell\u2019idrogeno ma la transizione energetica va accompagnata con gradualit\u00e0 per evitare che l\u2019alto costo dell\u2019energia determini difficolt\u00e0 sulla tenuta del sistema industriale, o peggio si trasformi in una spada di Damocle sulla testa delle famiglie, dei lavoratori e degli anziani. Ecco perch\u00e8 le risorse del Pnrr sono importanti sul tema della transizione energetica, ecologica, ambientale e industriale per renderci meno dipendenti dall\u2019estero per quanto concerne l\u2019energia. Ci giochiamo il presente e il futuro di questo paese\u201d.<br \/>\u201cIn sede di Commissione europea c\u2019\u00e8 una discussione sul nucleare e anche un ripensamento. Sia chiaro, non dobbiamo trasformare questa discussione in una battaglia ideologica, ma dobbiamo guardare agli interessi nazionali, al sistema delle imprese che deve potere competere in un mercato sempre pi\u00f9 globalizzato e dobbiamo anche guardare ai cittadini e le famiglie\u201d, conclude il leader della Cisl.<br \/>(ITALPRESS).<div id=\"div-gpt-ad-Messinaoggi.it-DSK-300x250-corpoart\" style=\"text-align:center;margin:0 auto;\"><\/div><\/p>\n<\/div>\n<div id=\"videoincontent\" style=\"clear:both\";><\/div>","protected":false},"excerpt":{"rendered":"<p>ISOLA DELLE FEMMINE (PALERMO) (ITALPRESS) \u2013 \u201cFa bene il governo a prevedere misure finanziarie ampie per arginare il caro bollette\u201d. Cos\u00ec Luigi Sbarra, segretario nazionale della Cisl, a margine del terzo congresso provinciale della Cisl Palermo Trapani \u201cEsserci per Cambiare\u201d in corso all\u2019hotel Saracen di Isola delle Femmine. \u201cE\u2019 un tema che abbiamo gi\u00e0 sollevato [&hellip;]<\/p>\n","protected":false},"author":18,"featured_media":96723,"comment_status":"closed","ping_status":"closed","sticky":false,"template":"","format":"standard","meta":{"ub_ctt_via":"","_mi_skip_tracking":false},"categories":[2449],"tags":[783],"featured_image_src":"https:\/\/www.messinaoggi.it\/website\/wp-content\/uploads\/2022\/02\/20220210_1921.jpg","author_info":{"display_name":"Admin","author_link":"https:\/\/www.messinaoggi.it\/website\/author\/admin\/"},"digistream_id":0,"digistream":false,"_links":{"self":[{"href":"https:\/\/www.messinaoggi.it\/website\/wp-json\/wp\/v2\/posts\/96722"}],"collection":[{"href":"https:\/\/www.messinaoggi.it\/website\/wp-json\/wp\/v2\/posts"}],"about":[{"href":"https:\/\/www.messinaoggi.it\/website\/wp-json\/wp\/v2\/types\/post"}],"author":[{"embeddable":true,"href":"https:\/\/www.messinaoggi.it\/website\/wp-json\/wp\/v2\/users\/18"}],"replies":[{"embeddable":true,"href":"https:\/\/www.messinaoggi.it\/website\/wp-json\/wp\/v2\/comments?post=96722"}],"version-history":[{"count":0,"href":"https:\/\/www.messinaoggi.it\/website\/wp-json\/wp\/v2\/posts\/96722\/revisions"}],"wp:featuredmedia":[{"embeddable":true,"href":"https:\/\/www.messinaoggi.it\/website\/wp-json\/wp\/v2\/media\/96723"}],"wp:attachment":[{"href":"https:\/\/www.messinaoggi.it\/website\/wp-json\/wp\/v2\/media?parent=96722"}],"wp:term":[{"taxonomy":"category","embeddable":true,"href":"https:\/\/www.messinaoggi.it\/website\/wp-json\/wp\/v2\/categories?post=96722"},{"taxonomy":"post_tag","embeddable":true,"href":"https:\/\/www.messinaoggi.it\/website\/wp-json\/wp\/v2\/tags?post=96722"}],"curies":[{"name":"wp","href":"https:\/\/api.w.org\/{rel}","templated":true}]}}