{"id":96720,"date":"2022-02-10T17:07:33","date_gmt":"2022-02-10T16:07:33","guid":{"rendered":"https:\/\/www.messinaoggi.it\/website\/2022\/02\/10\/la-crescita-italiana-sopra-la-media-ue-anche-nel-2022\/"},"modified":"2022-02-10T17:07:33","modified_gmt":"2022-02-10T16:07:33","slug":"la-crescita-italiana-sopra-la-media-ue-anche-nel-2022","status":"publish","type":"post","link":"https:\/\/www.messinaoggi.it\/website\/2022\/02\/10\/la-crescita-italiana-sopra-la-media-ue-anche-nel-2022\/","title":{"rendered":"La crescita italiana sopra la media Ue anche nel 2022"},"content":{"rendered":"<div>BRUXELLES (BELGIO) (ITALPRESS) &#8211; La crescita del Pil dell&#8217;economia italiana superer\u00e0 la media Ue anche nel 2022. E&#8217; quanto emerge dalle previsioni economiche di inverno dalla Commissione europea. Seppur solo di 0,1 punti percentuali in pi\u00f9 rispetto alla media della zona euro e della media UE, con il 4,1% di crescita del Pil l&#8217;economia italiana confermer\u00e0 il momento di solida ripresa nonostante le stime al ribasso rispetto alle previsioni economiche d&#8217;autunno, che prevedevano un aumento di Pil del 4,3%. Il Bel Paese dovrebbe mostrare ritmi di crescita pi\u00f9 elevati di Germania, Francia (che cresceranno entrambi del 3,6%) e Paesi Bassi (il cui aumento del Pil raggiunger\u00e0 il 3%), ma meno consistenti delle percentuali che ci si aspetta per Spagna (+5,6%), Portogallo (+5,5%) e Grecia (+4,9%).<br \/>&#8220;Tornando ai livelli di Pil pre-pandemici l&#8217;Italia fa segnare un record se si pensa che l&#8217;Unione Europea ha impiegato 7 anni per tornare al tenore originario del 2008-2009&#8221;, ha detto il commissario europeo all&#8217;Economia Paolo Gentiloni.<br \/>Le stime dell&#8217;esecutivo europeo preannunciano una moderazione della crescita degli investimenti nei prossimi due anni rispetto ai ritmi del 2021, ma garantiscono una loro &#8220;crescita solida&#8221; supportata dal Piano di Ripresa e Resilienza approntato dall&#8217;Italia e dalle esportazioni, che riceveranno un&#8217;ulteriore spinta nel 2022. &#8220;Il settore dei servizi contribuir\u00e0 particolarmente alla crescita delle importazioni e beneficer\u00e0 dalla ripresa graduale del turismo internazionale&#8221;, si legge nella relazione della Commissione. &#8220;La domanda interna e la spinta data agli investimenti dal Piano di Ripresa e Resilienza saranno i principali artefici dell&#8217;espansione nel 2022&#8221;, ha continuato Gentiloni.<br \/>La crescita dell&#8217;economia scender\u00e0 al 2,3% rispetto al 2022, a una media cio\u00e8 pi\u00f9 bassa del +2,7% riscontrata nell&#8217;Eurozona e del +2,8% medio osservato nell&#8217;Ue. Germania e Paesi Bassi potrebbero far meglio rispettivamente con un +2,6 e un +2,7%, mentre la Spagna confermer\u00e0 ritmi di crescita sostenuti con un +4,4%.<br \/>L&#8217;inflazione mostrer\u00e0 un andamento analogo. Attestandosi al 3,8%, a un tasso cio\u00e8 superiore al 3,5% della media dell&#8217;Eurozona, la crescita dei prezzi rallenter\u00e0 fino al 1,6% nel 2023, scivolando sotto la media dell&#8217;1,7% dell&#8217;area euro.<br \/>(ITALPRESS).<\/div>\n<div id=\"div-gpt-ad-Messinaoggi.it-DSK-300x250-corpoart\" style=\"text-align:center;margin:0 auto;\"><\/div><\/p><div id=\"videoincontent\" style=\"clear:both\";><\/div>","protected":false},"excerpt":{"rendered":"<p>BRUXELLES (BELGIO) (ITALPRESS) &#8211; La crescita del Pil dell&#8217;economia italiana superer\u00e0 la media Ue anche nel 2022. E&#8217; quanto emerge dalle previsioni economiche di inverno dalla Commissione europea. Seppur solo di 0,1 punti percentuali in pi\u00f9 rispetto alla media della zona euro e della media UE, con il 4,1% di crescita del Pil l&#8217;economia italiana [&hellip;]<\/p>\n","protected":false},"author":18,"featured_media":96721,"comment_status":"closed","ping_status":"closed","sticky":false,"template":"","format":"standard","meta":{"ub_ctt_via":"","_mi_skip_tracking":false},"categories":[446],"tags":[783],"featured_image_src":"https:\/\/www.messinaoggi.it\/website\/wp-content\/uploads\/2022\/02\/20220210_1887.jpg","author_info":{"display_name":"Admin","author_link":"https:\/\/www.messinaoggi.it\/website\/author\/admin\/"},"digistream_id":0,"digistream":false,"_links":{"self":[{"href":"https:\/\/www.messinaoggi.it\/website\/wp-json\/wp\/v2\/posts\/96720"}],"collection":[{"href":"https:\/\/www.messinaoggi.it\/website\/wp-json\/wp\/v2\/posts"}],"about":[{"href":"https:\/\/www.messinaoggi.it\/website\/wp-json\/wp\/v2\/types\/post"}],"author":[{"embeddable":true,"href":"https:\/\/www.messinaoggi.it\/website\/wp-json\/wp\/v2\/users\/18"}],"replies":[{"embeddable":true,"href":"https:\/\/www.messinaoggi.it\/website\/wp-json\/wp\/v2\/comments?post=96720"}],"version-history":[{"count":0,"href":"https:\/\/www.messinaoggi.it\/website\/wp-json\/wp\/v2\/posts\/96720\/revisions"}],"wp:featuredmedia":[{"embeddable":true,"href":"https:\/\/www.messinaoggi.it\/website\/wp-json\/wp\/v2\/media\/96721"}],"wp:attachment":[{"href":"https:\/\/www.messinaoggi.it\/website\/wp-json\/wp\/v2\/media?parent=96720"}],"wp:term":[{"taxonomy":"category","embeddable":true,"href":"https:\/\/www.messinaoggi.it\/website\/wp-json\/wp\/v2\/categories?post=96720"},{"taxonomy":"post_tag","embeddable":true,"href":"https:\/\/www.messinaoggi.it\/website\/wp-json\/wp\/v2\/tags?post=96720"}],"curies":[{"name":"wp","href":"https:\/\/api.w.org\/{rel}","templated":true}]}}