{"id":96658,"date":"2022-02-10T11:45:07","date_gmt":"2022-02-10T10:45:07","guid":{"rendered":"http:\/\/www.messinaoggi.it\/website\/?p=96658"},"modified":"2022-02-10T11:45:24","modified_gmt":"2022-02-10T10:45:24","slug":"dirigente-umiliato-in-diretta-fb-porta-de-luca-in-tribunale","status":"publish","type":"post","link":"https:\/\/www.messinaoggi.it\/website\/2022\/02\/10\/dirigente-umiliato-in-diretta-fb-porta-de-luca-in-tribunale\/","title":{"rendered":"Dirigente umiliato in diretta Fb porta De Luca in Tribunale"},"content":{"rendered":"\n<p>Lo aveva umiliato durante una diretta Fb scagliando i suoi strali all&#8217;indirizzo del dirigente Francesco Ajello, adesso la vicenda finisce in Tribunale. Il dirigente, ormai prossimo alla pensione, ha fatto causa al sindaco Cateno De Luca, chiedendo un risarcimento del danno morale e fisico cagionato dalla violentissima diretta Fb del sindaco Cateno De Luca.<div id=\"div-gpt-ad-Messinaoggi.it-DSK-300x250-corpoart\" style=\"text-align:center;margin:0 auto;\"><\/div><\/p>\n\n\n\n<p>La notizia \u00e8 trapelata dagli uffici di Palazzo Zanca ma sull&#8217;argomento vige il massimo riserbo. Il dirigente del Comune di Messina, come si ricorder\u00e0, era finito nella morsa di una diretta Fb del sindaco De Luca per via di quello che era stato annunciato dalla stesso primo cittadino, spalleggiato dall&#8217;assessore Dafne Musolino, come un blitz.<div id=\"videoincontent\" style=\"clear:both\";><\/div><\/p>\n\n\n\n<p>A scatenare le ire del primo cittadino erano stati i presunti ritardi degli uffici amministrativi di Palazzo Zanca per la richiesta della &#8220;Bandiera Blu&#8221; di Legambiente. Cateno De Luca aveva annunciato anche la data, ma i Comune non si sarebbe fatto trovare pronto all&#8217;appuntamento.<\/p>\n\n\n\n<p>Da qui ne \u00e8 nata la diretta che \u00e8 stata un&#8217;autentica umiliazione nei confronti del dirigente comunale, da parte del sindaco Cateno De Luca, il quale ha usato un atteggiamento fuori dalle righe nei confronti dell&#8217;impiegato di Palazzo Zanca. Francesco Aiello a causa di quella diretta ha anche accusato dei problemi di natura fisica, che lo hanno costretto ad assentarsi dal lavoro.<\/p>\n\n\n\n<p>La diretta fece scalpore per la violenza verbale usata dal sindaco Cateno De Luca che ha trattato come uno straccio il dirigente che adesso chiede di essere risarcito. Da allora, comunque, il primo cittadino si \u00e8 guardato bene dal fare altre dirette Fb. L&#8217;entit\u00e0 del danno lo stabilir\u00e0 un Tribunale, cui si \u00e8 giustamente rivolto il dirigente di Palazzo Zanca, il quale ha chiamato in causa direttamente il sindaco Cateno De Luca, che dovr\u00e0 quindi corrispondere personalmente, in caso di condanna.<\/p>\n\n\n\n<p><\/p>\n","protected":false},"excerpt":{"rendered":"<p>Lo aveva umiliato durante una diretta Fb scagliando i suoi strali all&#8217;indirizzo del dirigente Francesco Ajello, adesso la vicenda finisce in Tribunale. Il dirigente, ormai prossimo alla pensione, ha fatto causa al sindaco Cateno De Luca, chiedendo un risarcimento del danno morale e fisico cagionato dalla violentissima diretta Fb del sindaco Cateno De Luca. La [&hellip;]<\/p>\n","protected":false},"author":2,"featured_media":37115,"comment_status":"open","ping_status":"open","sticky":false,"template":"","format":"standard","meta":{"ub_ctt_via":"","_mi_skip_tracking":false},"categories":[19],"tags":[126,1223,3968,3969,3971,872,3970],"featured_image_src":"https:\/\/www.messinaoggi.it\/website\/wp-content\/uploads\/2019\/09\/de-luca-in-maschera.jpeg","author_info":{"display_name":"Redazione","author_link":"https:\/\/www.messinaoggi.it\/website\/author\/redazione\/"},"digistream_id":0,"digistream":false,"_links":{"self":[{"href":"https:\/\/www.messinaoggi.it\/website\/wp-json\/wp\/v2\/posts\/96658"}],"collection":[{"href":"https:\/\/www.messinaoggi.it\/website\/wp-json\/wp\/v2\/posts"}],"about":[{"href":"https:\/\/www.messinaoggi.it\/website\/wp-json\/wp\/v2\/types\/post"}],"author":[{"embeddable":true,"href":"https:\/\/www.messinaoggi.it\/website\/wp-json\/wp\/v2\/users\/2"}],"replies":[{"embeddable":true,"href":"https:\/\/www.messinaoggi.it\/website\/wp-json\/wp\/v2\/comments?post=96658"}],"version-history":[{"count":2,"href":"https:\/\/www.messinaoggi.it\/website\/wp-json\/wp\/v2\/posts\/96658\/revisions"}],"predecessor-version":[{"id":96660,"href":"https:\/\/www.messinaoggi.it\/website\/wp-json\/wp\/v2\/posts\/96658\/revisions\/96660"}],"wp:featuredmedia":[{"embeddable":true,"href":"https:\/\/www.messinaoggi.it\/website\/wp-json\/wp\/v2\/media\/37115"}],"wp:attachment":[{"href":"https:\/\/www.messinaoggi.it\/website\/wp-json\/wp\/v2\/media?parent=96658"}],"wp:term":[{"taxonomy":"category","embeddable":true,"href":"https:\/\/www.messinaoggi.it\/website\/wp-json\/wp\/v2\/categories?post=96658"},{"taxonomy":"post_tag","embeddable":true,"href":"https:\/\/www.messinaoggi.it\/website\/wp-json\/wp\/v2\/tags?post=96658"}],"curies":[{"name":"wp","href":"https:\/\/api.w.org\/{rel}","templated":true}]}}