{"id":96577,"date":"2022-02-09T18:13:01","date_gmt":"2022-02-09T17:13:01","guid":{"rendered":"http:\/\/www.messinaoggi.it\/website\/?p=96577"},"modified":"2022-02-09T18:13:44","modified_gmt":"2022-02-09T17:13:44","slug":"fondo-fucile-avviata-maxi-bonifica-in-vista-dello-sbaraccamento","status":"publish","type":"post","link":"https:\/\/www.messinaoggi.it\/website\/2022\/02\/09\/fondo-fucile-avviata-maxi-bonifica-in-vista-dello-sbaraccamento\/","title":{"rendered":"Fondo Fucile, avviata maxi bonifica in vista dello sbaraccamento"},"content":{"rendered":"\n<p>&#8220;Messinaservzi \u00e8 al lavoro per le attivit\u00e0 di bonifica del rione di Fondo Fucile, propedeutiche all\u2019abbattimento delle baracche previste nel piano di risanamento. Messinaservizi \u00e8 stata demandata all\u2019attivazione del servizio accessorio consistente nella rimozione dei rifiuti abbandonati da ignoti nelle abitazioni e nelle vie interne dell\u2019agglomerato urbano delimitato tra il plesso scolastico Albino Luciani e le vie Socrate e Platone. L\u2019attivit\u00e0 propedeutica alle operazioni di demolizione \u00e8 stata avviata con personale proprio e con ditta di supporto per raccogliere e avviare subito a recupero quanto possibile oltre alla raccolta, trasporto e smaltimento di eventuali rifiuti speciali pericolosi. Fondo Fucile come le altre zone interessate dal risanamento, che ci hanno gi\u00e0 visto in azione a fianco del Comune, Camaro sotto montagna, Fondo Sacc\u00e0, Annunziata, verr\u00e0 interessata a seguire dal cantiere per la demolizione dei fabbricati scongiurando cos\u00ec che il sito possa subito essere oggetto di ulteriori abbandoni da parte di ignoti\u201d. A dirlo Giuseppe Lombardo, presidente di Messinaservizi Bene Comune che ha aggiunto: \u201cSiamo felici di poter dare il nostro piccolo contribuito in termine di professionalit\u00e0 e organizzazione in questa fase storica del risanamento per la citt\u00e0 di Messina\u201d.<div id=\"div-gpt-ad-Messinaoggi.it-DSK-300x250-corpoart\" style=\"text-align:center;margin:0 auto;\"><\/div><\/p>\n<div id=\"videoincontent\" style=\"clear:both\";><\/div>","protected":false},"excerpt":{"rendered":"<p>&#8220;Messinaservzi \u00e8 al lavoro per le attivit\u00e0 di bonifica del rione di Fondo Fucile, propedeutiche all\u2019abbattimento delle baracche previste nel piano di risanamento. Messinaservizi \u00e8 stata demandata all\u2019attivazione del servizio accessorio consistente nella rimozione dei rifiuti abbandonati da ignoti nelle abitazioni e nelle vie interne dell\u2019agglomerato urbano delimitato tra il plesso scolastico Albino Luciani e [&hellip;]<\/p>\n","protected":false},"author":4,"featured_media":96578,"comment_status":"open","ping_status":"open","sticky":false,"template":"","format":"standard","meta":{"ub_ctt_via":"","_mi_skip_tracking":false},"categories":[6],"tags":[1197,1553],"featured_image_src":"https:\/\/www.messinaoggi.it\/website\/wp-content\/uploads\/2022\/02\/IMG-20220209-WA0045.jpg","author_info":{"display_name":"redme","author_link":"https:\/\/www.messinaoggi.it\/website\/author\/redme\/"},"digistream_id":0,"digistream":false,"_links":{"self":[{"href":"https:\/\/www.messinaoggi.it\/website\/wp-json\/wp\/v2\/posts\/96577"}],"collection":[{"href":"https:\/\/www.messinaoggi.it\/website\/wp-json\/wp\/v2\/posts"}],"about":[{"href":"https:\/\/www.messinaoggi.it\/website\/wp-json\/wp\/v2\/types\/post"}],"author":[{"embeddable":true,"href":"https:\/\/www.messinaoggi.it\/website\/wp-json\/wp\/v2\/users\/4"}],"replies":[{"embeddable":true,"href":"https:\/\/www.messinaoggi.it\/website\/wp-json\/wp\/v2\/comments?post=96577"}],"version-history":[{"count":1,"href":"https:\/\/www.messinaoggi.it\/website\/wp-json\/wp\/v2\/posts\/96577\/revisions"}],"predecessor-version":[{"id":96579,"href":"https:\/\/www.messinaoggi.it\/website\/wp-json\/wp\/v2\/posts\/96577\/revisions\/96579"}],"wp:featuredmedia":[{"embeddable":true,"href":"https:\/\/www.messinaoggi.it\/website\/wp-json\/wp\/v2\/media\/96578"}],"wp:attachment":[{"href":"https:\/\/www.messinaoggi.it\/website\/wp-json\/wp\/v2\/media?parent=96577"}],"wp:term":[{"taxonomy":"category","embeddable":true,"href":"https:\/\/www.messinaoggi.it\/website\/wp-json\/wp\/v2\/categories?post=96577"},{"taxonomy":"post_tag","embeddable":true,"href":"https:\/\/www.messinaoggi.it\/website\/wp-json\/wp\/v2\/tags?post=96577"}],"curies":[{"name":"wp","href":"https:\/\/api.w.org\/{rel}","templated":true}]}}