{"id":96538,"date":"2022-02-09T14:07:38","date_gmt":"2022-02-09T13:07:38","guid":{"rendered":"https:\/\/www.messinaoggi.it\/website\/2022\/02\/09\/il-curling-azzurro-si-gode-lo-storico-oro-strameritato\/"},"modified":"2022-02-09T14:07:38","modified_gmt":"2022-02-09T13:07:38","slug":"il-curling-azzurro-si-gode-lo-storico-oro-strameritato","status":"publish","type":"post","link":"https:\/\/www.messinaoggi.it\/website\/2022\/02\/09\/il-curling-azzurro-si-gode-lo-storico-oro-strameritato\/","title":{"rendered":"Il curling azzurro si gode lo storico oro \u201cStrameritato\u201d"},"content":{"rendered":"<div>PECHINO (CINA) (ITALPRESS) &#8211; Notte quasi insonne per l&#8217;adrenalina, la medaglia tenuta stretta l\u00ec accanto e festeggiamenti rinviati al ritorno in Italia, assieme alle famiglie che li hanno sostenuti da casa. Per Stefania Costantini e Amos Mosaner il giorno dopo il trionfo al Cubo di ghiaccio \u00e8 quello della consapevolezza. Undici partite, undici vittorie e il titolo olimpico nel doppio misto, primo podio assoluto nella storia dei Giochi per il curling italiano. La coppia azzurra fa tappa a Casa Italia a Pechino per ricevere il giusto tributo: flash, interviste, foto anche col personale cinese dell&#8217;albergo che si \u00e8 appassionato alle loro imprese. &#8220;Non siamo abituati ad avere questa visibilit\u00e0&#8221;, confessa il 26enne trentino che gi\u00e0 al mattino \u00e8 tornato sul ghiaccio per iniziare gli allenamenti con la squadra maschile. In Italia si parla ormai di &#8220;curlingmania&#8221; e Amos e Stefania sono pronti ad assolvere al loro ruolo di testimonial. &#8220;Speriamo che il movimento si ampli anche in vista di Milano-Cortina&#8221;, l&#8217;auspicio di Amos e Stefania concorda: &#8220;Quello che abbiamo fatto \u00e8 stato importantissimo, il curling in Italia aveva bisogno di questa spinta. I Giochi del 2026? In questo momento \u00e8 difficile guardare quattro anni avanti ma dall&#8217;altro lato un&#8217;Olimpiade in casa capita una volta nella vita, non vedo l&#8217;ora di poter rappresentare l&#8217;Italia in casa, dovremo rimanere sul pezzo&#8221;. &#8220;Abbiamo 4 anni a disposizione per arrivare l\u00ec pronti, speriamo bene&#8221; dice Violetta Caldart, co-allenatore della coppia assieme a Claudio Pescia. C&#8217;\u00e8 tempo per pensarci, insomma, oggi \u00e8 il momento di godersi un&#8217;impresa partita da lontano. &#8220;E&#8217; un oro strameritato &#8211; esulta ancora Andrea Gios, presidente della Fisg &#8211; alla cui base c&#8217;\u00e8 il talento straordinario dei ragazzi, due atleti strepitosi sotto tutti gli aspetti, fisico, atletico, mentale, di lettura tattica. Come Federazione abbiamo solo messo a disposizione gli strumenti per sfruttare questo talento che noi e i nostri tecnici avevano visto sette anni fa. Abbiamo creato una squadra e Stefania e Amos ne sono una parte&#8221;.<br \/>(ITALPRESS).<\/div>\n<div id=\"div-gpt-ad-Messinaoggi.it-DSK-300x250-corpoart\" style=\"text-align:center;margin:0 auto;\"><\/div><\/p><div id=\"videoincontent\" style=\"clear:both\";><\/div>","protected":false},"excerpt":{"rendered":"<p>PECHINO (CINA) (ITALPRESS) &#8211; Notte quasi insonne per l&#8217;adrenalina, la medaglia tenuta stretta l\u00ec accanto e festeggiamenti rinviati al ritorno in Italia, assieme alle famiglie che li hanno sostenuti da casa. Per Stefania Costantini e Amos Mosaner il giorno dopo il trionfo al Cubo di ghiaccio \u00e8 quello della consapevolezza. Undici partite, undici vittorie e [&hellip;]<\/p>\n","protected":false},"author":18,"featured_media":96539,"comment_status":"closed","ping_status":"closed","sticky":false,"template":"","format":"standard","meta":{"ub_ctt_via":"","_mi_skip_tracking":false},"categories":[446],"tags":[783],"featured_image_src":"https:\/\/www.messinaoggi.it\/website\/wp-content\/uploads\/2022\/02\/20220209_0673.jpg","author_info":{"display_name":"Admin","author_link":"https:\/\/www.messinaoggi.it\/website\/author\/admin\/"},"digistream_id":0,"digistream":false,"_links":{"self":[{"href":"https:\/\/www.messinaoggi.it\/website\/wp-json\/wp\/v2\/posts\/96538"}],"collection":[{"href":"https:\/\/www.messinaoggi.it\/website\/wp-json\/wp\/v2\/posts"}],"about":[{"href":"https:\/\/www.messinaoggi.it\/website\/wp-json\/wp\/v2\/types\/post"}],"author":[{"embeddable":true,"href":"https:\/\/www.messinaoggi.it\/website\/wp-json\/wp\/v2\/users\/18"}],"replies":[{"embeddable":true,"href":"https:\/\/www.messinaoggi.it\/website\/wp-json\/wp\/v2\/comments?post=96538"}],"version-history":[{"count":0,"href":"https:\/\/www.messinaoggi.it\/website\/wp-json\/wp\/v2\/posts\/96538\/revisions"}],"wp:featuredmedia":[{"embeddable":true,"href":"https:\/\/www.messinaoggi.it\/website\/wp-json\/wp\/v2\/media\/96539"}],"wp:attachment":[{"href":"https:\/\/www.messinaoggi.it\/website\/wp-json\/wp\/v2\/media?parent=96538"}],"wp:term":[{"taxonomy":"category","embeddable":true,"href":"https:\/\/www.messinaoggi.it\/website\/wp-json\/wp\/v2\/categories?post=96538"},{"taxonomy":"post_tag","embeddable":true,"href":"https:\/\/www.messinaoggi.it\/website\/wp-json\/wp\/v2\/tags?post=96538"}],"curies":[{"name":"wp","href":"https:\/\/api.w.org\/{rel}","templated":true}]}}