{"id":96510,"date":"2022-02-09T10:53:35","date_gmt":"2022-02-09T09:53:35","guid":{"rendered":"http:\/\/www.messinaoggi.it\/website\/?p=96510"},"modified":"2022-02-09T10:53:36","modified_gmt":"2022-02-09T09:53:36","slug":"ente-teatro-previti-e-caruso-rispondono-al-pd-falso-che-il-comune-non-ha-avviato-le-procedure-per-sostenere-le-attivita-dellorchestra","status":"publish","type":"post","link":"https:\/\/www.messinaoggi.it\/website\/2022\/02\/09\/ente-teatro-previti-e-caruso-rispondono-al-pd-falso-che-il-comune-non-ha-avviato-le-procedure-per-sostenere-le-attivita-dellorchestra\/","title":{"rendered":"Ente Teatro, Previti e Caruso rispondono al Pd: \u201cFalso che il Comune non ha avviato le procedure per sostenere le attivit\u00e0 dell\u2019orchestra\u201d"},"content":{"rendered":"\n<p>\u201c\u00c8 assolutamente falso quando affermano che il Comune non ha avviato le procedure [previste dal D.M. 377\/2021 \u2026] per il riconoscimento e il sostegno per la costituzione di una nuova Istituzione Concertistico Orchestrale promossa dai comuni sede di conservatorio e privi di altra orchestra stabile\u201d. Cos\u00ec il vicesindaco Carlotta Previti e l\u2019assessore alla Cultura Enzo Caruso, replicando a una nota dello scorso 28 gennaio dei consiglieri comunali del Pd. Nella nota i consiglieri accusavano l\u2019Amministrazione comunale di non aver ancora attivato, a pochi giorni dalla scadenza dei termini per la presentazione delle domande, le procedure necessarie a poter sostenere le attivit\u00e0 musicali dell\u2019orchestra sinfonica del Teatro Vittorio Emanuele.<div id=\"div-gpt-ad-Messinaoggi.it-DSK-300x250-corpoart\" style=\"text-align:center;margin:0 auto;\"><\/div><\/p>\n\n\n\n<p>\u201cIl Comune di Messina \u2013 proseguono Previti e Caruso &#8211; ha ritenuto di promuovere l\u2019istituzione di una orchestra, da incardinarsi all\u2019interno della costituenda fondazione Messenion, da sviluppare in accordo con l\u2019Ente Teatro di Messina e con il Conservatorio Corelli. La richiesta al Ministero \u00e8 stata quindi effettivamente inoltrata il 31 gennaio mediante la piattaforma online della D.G. Spettacolo dal vivo.<div id=\"videoincontent\" style=\"clear:both\";><\/div><\/p>\n\n\n\n<p>\u201cMa perch\u00e9 il Comune ha potuto cogliere l\u2019opportunit\u00e0 introdotta dal D.M. 377\/21? Perch\u00e9 con delibera di Giunta n. 713 del 7 dicembre 2021 questa amministrazione si \u00e8 fatta promotrice della costituzione di una Fondazione culturale, denominata \u201cMessenion\u201d, che si occuper\u00e0 di cultura realizzando e partecipando ad iniziative ed eventi musicali, artistici e sociali di ambito e di rilevanza locale e\/o nazionale ed internazionale, anche attivando forme di collaborazione con altri soggetti pubblici e privati e realizzando il progetto di un\u2019orchestra sinfonica che risponda ai parametri dettati dal FUS. Altrimenti certo non si potrebbe pensare di costituire un\u2019orchestra da incardinarsi nella struttura organizzativa del Comune come fosse un ufficio.<\/p>\n\n\n\n<p>\u201cSpieghino adesso i consiglieri il motivo in base al quale la delibera per la costituzione della Fondazione Messenion non sia stata neanche votata nella II commissione consiliare il 24 gennaio 2022. Il Consigliere Russo era in Aula, spieghi agli orchestrali la sua posizione. I diritti si tutelano studiando il caso, individuando la soluzione, predisponendo progetti e approvando gli atti. L\u2019ennesima polemica sterile promossa dal PD, questa volta \u00e8 aggravata da un tentativo di strumentalizzazione dei bisogni dei lavoratori, che politicamente \u00e8 quanto pi\u00f9 vergognoso si possa fare\u201d.<\/p>\n","protected":false},"excerpt":{"rendered":"<p>\u201c\u00c8 assolutamente falso quando affermano che il Comune non ha avviato le procedure [previste dal D.M. 377\/2021 \u2026] per il riconoscimento e il sostegno per la costituzione di una nuova Istituzione Concertistico Orchestrale promossa dai comuni sede di conservatorio e privi di altra orchestra stabile\u201d. Cos\u00ec il vicesindaco Carlotta Previti e l\u2019assessore alla Cultura Enzo [&hellip;]<\/p>\n","protected":false},"author":8,"featured_media":2752,"comment_status":"open","ping_status":"open","sticky":false,"template":"","format":"standard","meta":{"ub_ctt_via":"","_mi_skip_tracking":false},"categories":[4],"tags":[3087],"featured_image_src":"https:\/\/www.messinaoggi.it\/website\/wp-content\/uploads\/2017\/06\/teatro-vittorio-emanuele-esterno-giorno-2.jpg","author_info":{"display_name":"red..me","author_link":"https:\/\/www.messinaoggi.it\/website\/author\/redstage\/"},"digistream_id":0,"digistream":false,"_links":{"self":[{"href":"https:\/\/www.messinaoggi.it\/website\/wp-json\/wp\/v2\/posts\/96510"}],"collection":[{"href":"https:\/\/www.messinaoggi.it\/website\/wp-json\/wp\/v2\/posts"}],"about":[{"href":"https:\/\/www.messinaoggi.it\/website\/wp-json\/wp\/v2\/types\/post"}],"author":[{"embeddable":true,"href":"https:\/\/www.messinaoggi.it\/website\/wp-json\/wp\/v2\/users\/8"}],"replies":[{"embeddable":true,"href":"https:\/\/www.messinaoggi.it\/website\/wp-json\/wp\/v2\/comments?post=96510"}],"version-history":[{"count":1,"href":"https:\/\/www.messinaoggi.it\/website\/wp-json\/wp\/v2\/posts\/96510\/revisions"}],"predecessor-version":[{"id":96511,"href":"https:\/\/www.messinaoggi.it\/website\/wp-json\/wp\/v2\/posts\/96510\/revisions\/96511"}],"wp:featuredmedia":[{"embeddable":true,"href":"https:\/\/www.messinaoggi.it\/website\/wp-json\/wp\/v2\/media\/2752"}],"wp:attachment":[{"href":"https:\/\/www.messinaoggi.it\/website\/wp-json\/wp\/v2\/media?parent=96510"}],"wp:term":[{"taxonomy":"category","embeddable":true,"href":"https:\/\/www.messinaoggi.it\/website\/wp-json\/wp\/v2\/categories?post=96510"},{"taxonomy":"post_tag","embeddable":true,"href":"https:\/\/www.messinaoggi.it\/website\/wp-json\/wp\/v2\/tags?post=96510"}],"curies":[{"name":"wp","href":"https:\/\/api.w.org\/{rel}","templated":true}]}}