{"id":96478,"date":"2022-02-09T08:46:02","date_gmt":"2022-02-09T07:46:02","guid":{"rendered":"http:\/\/www.messinaoggi.it\/website\/?p=96478"},"modified":"2022-02-09T09:45:27","modified_gmt":"2022-02-09T08:45:27","slug":"e-morto-il-messinese-che-si-e-dato-fuoco","status":"publish","type":"post","link":"https:\/\/www.messinaoggi.it\/website\/2022\/02\/09\/e-morto-il-messinese-che-si-e-dato-fuoco\/","title":{"rendered":"\u00c8 morto il messinese che si \u00e8 dato fuoco"},"content":{"rendered":"\n<p>Ieri, Roberto, un ragazzo di 25 anni di Capri Leone \u00e8 deceduto dopo essersi cosparso di alcol e dato fuoco. Il giovane \u00e8 stato trasportato in condizioni disperate in elicottero a Roma, dove \u00e8 morto.<div id=\"div-gpt-ad-Messinaoggi.it-DSK-300x250-corpoart\" style=\"text-align:center;margin:0 auto;\"><\/div><\/p>\n\n\n\n<p>\u201cUn gestro estremo, duro in tutta la sua disperazione. Un grido d&#8217;aiuto lanciato purtroppo troppo tardi.<div id=\"videoincontent\" style=\"clear:both\";><\/div><\/p>\n\n\n\n<p>Un ragazzo perbene, educato, umile. In queste ore convulse ho cercato di capire, mettendomi a disposizione della famiglia per supportarla, soprattutto emotivamente, in un momento cos\u00ec difficile.<\/p>\n\n\n\n<p>La nostra comunit\u00e0 \u00e8 ancora una volta scossa da una tragedia che ci lascia il vuoto dentro. Lo \u00e8 ancora di pi\u00f9 la famiglia, sola, lacerata dalla perdita di un figlio e di un fratello.<\/p>\n\n\n\n<p>Ci stringiamo al grande dolore, con la speranza che drammi come quello appena consumato non si ripetano pi\u00f9.<\/p>\n\n\n\n<p>Ciao Roberto, resterai per sempre nei nostri fuori\u201d.<\/p>\n\n\n\n<p>Lo ricorda cos\u00ec l\u2019on. Bernadette Grasso.<\/p>\n","protected":false},"excerpt":{"rendered":"<p>Ieri, Roberto, un ragazzo di 25 anni di Capri Leone \u00e8 deceduto dopo essersi cosparso di alcol e dato fuoco. Il giovane \u00e8 stato trasportato in condizioni disperate in elicottero a Roma, dove \u00e8 morto. \u201cUn gestro estremo, duro in tutta la sua disperazione. Un grido d&#8217;aiuto lanciato purtroppo troppo tardi. Un ragazzo perbene, educato, [&hellip;]<\/p>\n","protected":false},"author":2,"featured_media":96479,"comment_status":"open","ping_status":"open","sticky":false,"template":"","format":"standard","meta":{"ub_ctt_via":"","_mi_skip_tracking":false},"categories":[19,6],"tags":[3963,1011,555,1189],"featured_image_src":"https:\/\/www.messinaoggi.it\/website\/wp-content\/uploads\/2022\/02\/1B606711-1EA4-40CB-9E2E-F7CEFA0513E3-e1644394327553.jpeg","author_info":{"display_name":"Redazione","author_link":"https:\/\/www.messinaoggi.it\/website\/author\/redazione\/"},"digistream_id":0,"digistream":false,"_links":{"self":[{"href":"https:\/\/www.messinaoggi.it\/website\/wp-json\/wp\/v2\/posts\/96478"}],"collection":[{"href":"https:\/\/www.messinaoggi.it\/website\/wp-json\/wp\/v2\/posts"}],"about":[{"href":"https:\/\/www.messinaoggi.it\/website\/wp-json\/wp\/v2\/types\/post"}],"author":[{"embeddable":true,"href":"https:\/\/www.messinaoggi.it\/website\/wp-json\/wp\/v2\/users\/2"}],"replies":[{"embeddable":true,"href":"https:\/\/www.messinaoggi.it\/website\/wp-json\/wp\/v2\/comments?post=96478"}],"version-history":[{"count":1,"href":"https:\/\/www.messinaoggi.it\/website\/wp-json\/wp\/v2\/posts\/96478\/revisions"}],"predecessor-version":[{"id":96480,"href":"https:\/\/www.messinaoggi.it\/website\/wp-json\/wp\/v2\/posts\/96478\/revisions\/96480"}],"wp:featuredmedia":[{"embeddable":true,"href":"https:\/\/www.messinaoggi.it\/website\/wp-json\/wp\/v2\/media\/96479"}],"wp:attachment":[{"href":"https:\/\/www.messinaoggi.it\/website\/wp-json\/wp\/v2\/media?parent=96478"}],"wp:term":[{"taxonomy":"category","embeddable":true,"href":"https:\/\/www.messinaoggi.it\/website\/wp-json\/wp\/v2\/categories?post=96478"},{"taxonomy":"post_tag","embeddable":true,"href":"https:\/\/www.messinaoggi.it\/website\/wp-json\/wp\/v2\/tags?post=96478"}],"curies":[{"name":"wp","href":"https:\/\/api.w.org\/{rel}","templated":true}]}}