{"id":9632,"date":"2017-10-14T11:08:34","date_gmt":"2017-10-14T09:08:34","guid":{"rendered":"http:\/\/www.messinaoggi.it\/website\/?p=9632"},"modified":"2017-10-14T11:08:34","modified_gmt":"2017-10-14T09:08:34","slug":"alfano-le-nostre-liste-alle-regionali-mix-di-innovazione-e-ritorni","status":"publish","type":"post","link":"https:\/\/www.messinaoggi.it\/website\/2017\/10\/14\/alfano-le-nostre-liste-alle-regionali-mix-di-innovazione-e-ritorni\/","title":{"rendered":"Alfano: &quot;Le nostre liste alle regionali mix di innovazione e ritorni&quot;"},"content":{"rendered":"<p>&#8220;Le nostre liste per le regionali sono uno straordinario mix di innovazione, conferme e ritorni&#8221;. Cos\u00ec il ministro degli Esteri Angelino Alfano, a Palermo per la presentazione dei candidati di Ap a Palermo.<br \/>\n&#8220;Per quanto riguarda l&#8217;innovazione &#8211; dice &#8211; io, che pure ho militato a lungo nella politica siciliana, ho notato che alcuni dei 62 candidati non li conosco. E questo \u00e8 un elemento di grande soddisfazione perch\u00e9 c&#8217;\u00e8 un tasso di innovazione, e poi vi sono alcuni ritorni, vedo amici che sono stati consiglieri provinciali.<br \/>\nAbbiamo potuto contare sull&#8217;impegno e sul sacrificio di persone come Dore Misuraca e i senatori Simona Vicari e Marcelllo Gualdani &#8211; dice &#8211; ma devo anche ringraziare Adriano Frinchi dei Centristi e Ignazio\u00a0Messina\u00a0di Idv&#8221;.<div id=\"div-gpt-ad-Messinaoggi.it-DSK-300x250-corpoart\" style=\"text-align:center;margin:0 auto;\"><\/div><\/p>\n<div id=\"videoincontent\" style=\"clear:both\";><\/div>","protected":false},"excerpt":{"rendered":"<p>&#8220;Le nostre liste per le regionali sono uno straordinario mix di innovazione, conferme e ritorni&#8221;. Cos\u00ec il ministro degli Esteri Angelino Alfano, a Palermo per la presentazione dei candidati di Ap a Palermo. &#8220;Per quanto riguarda l&#8217;innovazione &#8211; dice &#8211; io, che pure ho militato a lungo nella politica siciliana, ho notato che alcuni dei [&hellip;]<\/p>\n","protected":false},"author":2,"featured_media":2158,"comment_status":"closed","ping_status":"open","sticky":false,"template":"","format":"standard","meta":{"ub_ctt_via":"","_mi_skip_tracking":false},"categories":[11],"tags":[],"featured_image_src":"https:\/\/www.messinaoggi.it\/website\/wp-content\/uploads\/2017\/06\/angelino-alfano-su-taormina-2.jpg","author_info":{"display_name":"Redazione","author_link":"https:\/\/www.messinaoggi.it\/website\/author\/redazione\/"},"digistream_id":0,"digistream":false,"_links":{"self":[{"href":"https:\/\/www.messinaoggi.it\/website\/wp-json\/wp\/v2\/posts\/9632"}],"collection":[{"href":"https:\/\/www.messinaoggi.it\/website\/wp-json\/wp\/v2\/posts"}],"about":[{"href":"https:\/\/www.messinaoggi.it\/website\/wp-json\/wp\/v2\/types\/post"}],"author":[{"embeddable":true,"href":"https:\/\/www.messinaoggi.it\/website\/wp-json\/wp\/v2\/users\/2"}],"replies":[{"embeddable":true,"href":"https:\/\/www.messinaoggi.it\/website\/wp-json\/wp\/v2\/comments?post=9632"}],"version-history":[{"count":0,"href":"https:\/\/www.messinaoggi.it\/website\/wp-json\/wp\/v2\/posts\/9632\/revisions"}],"wp:featuredmedia":[{"embeddable":true,"href":"https:\/\/www.messinaoggi.it\/website\/wp-json\/wp\/v2\/media\/2158"}],"wp:attachment":[{"href":"https:\/\/www.messinaoggi.it\/website\/wp-json\/wp\/v2\/media?parent=9632"}],"wp:term":[{"taxonomy":"category","embeddable":true,"href":"https:\/\/www.messinaoggi.it\/website\/wp-json\/wp\/v2\/categories?post=9632"},{"taxonomy":"post_tag","embeddable":true,"href":"https:\/\/www.messinaoggi.it\/website\/wp-json\/wp\/v2\/tags?post=9632"}],"curies":[{"name":"wp","href":"https:\/\/api.w.org\/{rel}","templated":true}]}}