{"id":9630,"date":"2017-10-14T11:02:56","date_gmt":"2017-10-14T09:02:56","guid":{"rendered":"http:\/\/www.messinaoggi.it\/website\/?p=9630"},"modified":"2017-10-14T11:02:56","modified_gmt":"2017-10-14T09:02:56","slug":"venuto-lascio-per-amore-del-messina-ma-restero-il-primo-tifoso-giallorosso","status":"publish","type":"post","link":"https:\/\/www.messinaoggi.it\/website\/2017\/10\/14\/venuto-lascio-per-amore-del-messina-ma-restero-il-primo-tifoso-giallorosso\/","title":{"rendered":"Venuto: &quot;Lascio per amore del Messina, ma rester\u00f2 il primo tifoso giallorosso&quot;"},"content":{"rendered":"<div id=\"yui_3_16_0_ym19_1_1507921876030_28461\" align=\"justify\">&#8220;Dal giorno in cui il Messina \u00e8 stato ufficialmente ammesso al campionato di Serie D ho lavorato incessantemente giorno e notte, legandomi alla mia squadra del cuore con l&#8217;obiettivo di guidarla verso importanti traguardi&#8221;: parole d&#8217;amore, ma carica di tristezza per Antonio Venuto che a mezzo stampa ha motivato le sue dimissioni.<\/div>\n<div align=\"justify\"><\/div>\n<div align=\"justify\"><a class=\"matchTooltip\">&#8220;Oggi<\/a>, alla luce dei risultati negativi e dopo il confronto con i tifosi &#8211; scrive il tecnico &#8211; faccio un passo indietro per l&#8217;amore e per il rispetto che provo nei confronti della mia citt\u00e0. Mi assumo la mia parte di responsabilit\u00e0, senza cercare alcun alibi, perch\u00e9 non sono riuscito a creare una macchina da guerra come invece avrei voluto.<\/div>\n<div align=\"justify\"><\/div>\n<div align=\"justify\">Avrei potuto prendere questa decisione a ridosso dell&#8217;inizio del campionato, anche allora in una situazione difficile, ma in un momento talmente delicato mai avrei potuto voltare le spalle alla mia citt\u00e0 e tradire la fiducia del presidente Pietro Sciotto.<\/div>\n<div align=\"justify\"><\/div>\n<div align=\"justify\">Ringrazio il mio staff ed il presidente per avermi concesso questa opportunit\u00e0, auguro al club le migliori fortune. Forza Messina, sempre e comunque. Sar\u00f2 il primo tifoso giallorosso&#8221;.<\/div>\n<div id=\"div-gpt-ad-Messinaoggi.it-DSK-300x250-corpoart\" style=\"text-align:center;margin:0 auto;\"><\/div><\/p><div id=\"videoincontent\" style=\"clear:both\";><\/div>","protected":false},"excerpt":{"rendered":"<p>&#8220;Dal giorno in cui il Messina \u00e8 stato ufficialmente ammesso al campionato di Serie D ho lavorato incessantemente giorno e notte, legandomi alla mia squadra del cuore con l&#8217;obiettivo di guidarla verso importanti traguardi&#8221;: parole d&#8217;amore, ma carica di tristezza per Antonio Venuto che a mezzo stampa ha motivato le sue dimissioni. &#8220;Oggi, alla luce [&hellip;]<\/p>\n","protected":false},"author":2,"featured_media":7525,"comment_status":"closed","ping_status":"open","sticky":false,"template":"","format":"standard","meta":{"ub_ctt_via":"","_mi_skip_tracking":false},"categories":[10],"tags":[],"featured_image_src":"https:\/\/www.messinaoggi.it\/website\/wp-content\/uploads\/2017\/09\/ok-N82A5774-2.jpg","author_info":{"display_name":"Redazione","author_link":"https:\/\/www.messinaoggi.it\/website\/author\/redazione\/"},"digistream_id":0,"digistream":false,"_links":{"self":[{"href":"https:\/\/www.messinaoggi.it\/website\/wp-json\/wp\/v2\/posts\/9630"}],"collection":[{"href":"https:\/\/www.messinaoggi.it\/website\/wp-json\/wp\/v2\/posts"}],"about":[{"href":"https:\/\/www.messinaoggi.it\/website\/wp-json\/wp\/v2\/types\/post"}],"author":[{"embeddable":true,"href":"https:\/\/www.messinaoggi.it\/website\/wp-json\/wp\/v2\/users\/2"}],"replies":[{"embeddable":true,"href":"https:\/\/www.messinaoggi.it\/website\/wp-json\/wp\/v2\/comments?post=9630"}],"version-history":[{"count":0,"href":"https:\/\/www.messinaoggi.it\/website\/wp-json\/wp\/v2\/posts\/9630\/revisions"}],"wp:featuredmedia":[{"embeddable":true,"href":"https:\/\/www.messinaoggi.it\/website\/wp-json\/wp\/v2\/media\/7525"}],"wp:attachment":[{"href":"https:\/\/www.messinaoggi.it\/website\/wp-json\/wp\/v2\/media?parent=9630"}],"wp:term":[{"taxonomy":"category","embeddable":true,"href":"https:\/\/www.messinaoggi.it\/website\/wp-json\/wp\/v2\/categories?post=9630"},{"taxonomy":"post_tag","embeddable":true,"href":"https:\/\/www.messinaoggi.it\/website\/wp-json\/wp\/v2\/tags?post=9630"}],"curies":[{"name":"wp","href":"https:\/\/api.w.org\/{rel}","templated":true}]}}