{"id":9627,"date":"2017-10-14T10:58:36","date_gmt":"2017-10-14T08:58:36","guid":{"rendered":"http:\/\/www.messinaoggi.it\/website\/?p=9627"},"modified":"2017-10-14T10:58:36","modified_gmt":"2017-10-14T08:58:36","slug":"pino-basta-ritardi-nellassegnazione-degli-alloggi-popolari","status":"publish","type":"post","link":"https:\/\/www.messinaoggi.it\/website\/2017\/10\/14\/pino-basta-ritardi-nellassegnazione-degli-alloggi-popolari\/","title":{"rendered":"Pino: &quot;Basta ritardi nell&#039;assegnazione degli alloggi popolari&quot;"},"content":{"rendered":"<p style=\"text-align: justify\">Il presidente della V Circoscrizione, <strong>Santino Morabito<\/strong>, insieme al dirigente del dipartimento Politiche per la Casa, <strong>Domenico Signorelli<\/strong>, ha incontrato gioved\u00ec 12 l\u2019assessore alle Politiche per la Casa, <strong>Sebastiano Pino<\/strong> per discutere sul risanamento del villaggio Matteotti. L\u2019assessore Pino ha dichiarato la sua disponibilit\u00e0 ad un incontro pubblico nella sede della V circoscrizione per trattare la problematica e chiarire i futuri adempimenti ai cittadini interessati.<div id=\"div-gpt-ad-Messinaoggi.it-DSK-300x250-corpoart\" style=\"text-align:center;margin:0 auto;\"><\/div><\/p>\n<p style=\"text-align: justify\">Inoltre \u00e8 stato fissata per marted\u00ec 17 un&#8217;altra tavola rotonda tra IACP, comune e circoscrizione affinch\u00e8 gli organi competenti in tal senso si attivino per l&#8217;assegnazione degli alloggi, nel rispetto dei tempi programmati.<div id=\"videoincontent\" style=\"clear:both\";><\/div><\/p>\n<p style=\"text-align: justify\">\u201cL\u2019Amministrazione comunale rispetter\u00e0 i tempi e le procedure dettati dalla legge per l\u2019assegnazione degli alloggi popolari \u2013 ha evidenziato Pino \u2013 poich\u00e9 la procedura sar\u00e0 avviata con la massima trasparenza rendendo pubblici tutti i passaggi previsti per legge e non sar\u00e0 ammessa deroga alla norma che prevede la demolizione di ogni singola baracca per ogni alloggio consegnato.<\/p>\n<p style=\"text-align: justify\">Occorre per\u00f2 che ognuno faccia la propria parte \u2013 ha aggiunto l\u2019assessore \u2013 ed \u00e8 indispensabile che chi \u00e8 al corrente di situazioni di illegittimit\u00e0 o comportamenti di rilevanza penale, li segnali immediatamente alle autorit\u00e0 competenti\u201d.<\/p>\n","protected":false},"excerpt":{"rendered":"<p>Il presidente della V Circoscrizione, Santino Morabito, insieme al dirigente del dipartimento Politiche per la Casa, Domenico Signorelli, ha incontrato gioved\u00ec 12 l\u2019assessore alle Politiche per la Casa, Sebastiano Pino per discutere sul risanamento del villaggio Matteotti. L\u2019assessore Pino ha dichiarato la sua disponibilit\u00e0 ad un incontro pubblico nella sede della V circoscrizione per trattare [&hellip;]<\/p>\n","protected":false},"author":8,"featured_media":1681,"comment_status":"closed","ping_status":"open","sticky":false,"template":"","format":"standard","meta":{"ub_ctt_via":"","_mi_skip_tracking":false},"categories":[4],"tags":[],"featured_image_src":"https:\/\/www.messinaoggi.it\/website\/wp-content\/uploads\/2017\/06\/ass.-Pino-1-2.jpg","author_info":{"display_name":"red..me","author_link":"https:\/\/www.messinaoggi.it\/website\/author\/redstage\/"},"digistream_id":0,"digistream":false,"_links":{"self":[{"href":"https:\/\/www.messinaoggi.it\/website\/wp-json\/wp\/v2\/posts\/9627"}],"collection":[{"href":"https:\/\/www.messinaoggi.it\/website\/wp-json\/wp\/v2\/posts"}],"about":[{"href":"https:\/\/www.messinaoggi.it\/website\/wp-json\/wp\/v2\/types\/post"}],"author":[{"embeddable":true,"href":"https:\/\/www.messinaoggi.it\/website\/wp-json\/wp\/v2\/users\/8"}],"replies":[{"embeddable":true,"href":"https:\/\/www.messinaoggi.it\/website\/wp-json\/wp\/v2\/comments?post=9627"}],"version-history":[{"count":0,"href":"https:\/\/www.messinaoggi.it\/website\/wp-json\/wp\/v2\/posts\/9627\/revisions"}],"wp:featuredmedia":[{"embeddable":true,"href":"https:\/\/www.messinaoggi.it\/website\/wp-json\/wp\/v2\/media\/1681"}],"wp:attachment":[{"href":"https:\/\/www.messinaoggi.it\/website\/wp-json\/wp\/v2\/media?parent=9627"}],"wp:term":[{"taxonomy":"category","embeddable":true,"href":"https:\/\/www.messinaoggi.it\/website\/wp-json\/wp\/v2\/categories?post=9627"},{"taxonomy":"post_tag","embeddable":true,"href":"https:\/\/www.messinaoggi.it\/website\/wp-json\/wp\/v2\/tags?post=9627"}],"curies":[{"name":"wp","href":"https:\/\/api.w.org\/{rel}","templated":true}]}}