{"id":9623,"date":"2017-10-14T10:37:13","date_gmt":"2017-10-14T08:37:13","guid":{"rendered":"http:\/\/www.messinaoggi.it\/website\/?p=9623"},"modified":"2017-10-14T10:37:13","modified_gmt":"2017-10-14T08:37:13","slug":"accorinti-dobbiamo-rendere-operativo-il-decreto-balduzzi-lunedi-vertice-a-palazzo-zanca","status":"publish","type":"post","link":"https:\/\/www.messinaoggi.it\/website\/2017\/10\/14\/accorinti-dobbiamo-rendere-operativo-il-decreto-balduzzi-lunedi-vertice-a-palazzo-zanca\/","title":{"rendered":"Accorinti: &quot;Dobbiamo rendere operativo il decreto Balduzzi&quot;. Luned\u00ec vertice a Palazzo Zanca"},"content":{"rendered":"<p style=\"text-align: justify\">E&#8217; stata convocata una conferenza dei sindaci luned\u00ec 16, alle 10.30, nel salone delle Bandiere di palazzo Zanca, dal primo cittadino Renato Accorinti. Si discuter\u00e0 insieme ai sindaci della citt\u00e0 metropolitana, alle organizzazioni sindacali, agli enti ed associazioni, alle deputazioni e direzioni aziendali e all&#8217;assessore regionale alla Salute, Baldassare Gucciardi, su tempi e modalit\u00e0 della proposta di applicazione della riorganizzazione della rete ospedaliera ai sensi del decreto ministeriale del 2 aprile 2015, n. 70, e sulla gestione, le procedure e l\u2019operativit\u00e0 del 118 sul territorio della provincia di Messina.<div id=\"div-gpt-ad-Messinaoggi.it-DSK-300x250-corpoart\" style=\"text-align:center;margin:0 auto;\"><\/div><\/p>\n<p style=\"text-align: justify\">\u201cHo avuto modo di apprendere che la Regione, attraverso l\u2019assessorato della Salute, \u2013 dichiara Accorinti \u2013 abbia intrapreso il percorso definitivo per recepire ed applicare il <strong>decreto Balduzzi<\/strong>, legge dello stato attraverso la quale, gi\u00e0 in altre regioni si \u00e8 ottimizzata l\u2019offerta sanitaria di ricovero e cura nelle varie provincie.<div id=\"videoincontent\" style=\"clear:both\";><\/div><\/p>\n<p style=\"text-align: justify\">Desta in vero meraviglia che i politici ed responsabili locali, regionali e nazionali, coinvolti o promotori in questi giorni in incontri e dibattiti con le direzioni aziendali, dell\u2019Asp ed ospedaliere, dell\u2019Irccs, non abbiano sentito il bisogno di invitare e convocare il sindaco di Messina, primo responsabile secondo le norme vigenti, della salute dei cittadini, dell\u2019efficienza e dell\u2019efficacia dell\u2019offerta sanitaria, sia nell\u2019ambito della logistica che della qualit\u00e0 dell\u2019offerta sanitaria.<\/p>\n<p style=\"text-align: justify\">Ci\u00f2 detto, interpretando \u201ccasuale ed involontaria\u201d la dimenticanza evidenziatasi nelle recenti occasioni, invito le SS.LL. a voler coinvolgere il sottoscritto nel ruolo che istituzionalmente gli \u00e8 dovuto, integrando il tavolo tecnico\/politico, se del caso da organizzare presso questa sasa comunale, con i dati di performance degli ultimi 5 anni quali: case mix, indice di occupazione p.l., degenze medie, indice chirurgico, tabelle degli esiti e tutti quei dati statistici gestiti dagli uffici dell\u2019assessorato per la salute, gi\u00e0 da tempo di pubblico dominio, che dovranno essere la bussola per gestire modifiche, tagli e cambiamenti mirati, esclusivamente, alle necessit\u00e0 dei cittadini e non gi\u00e0 ad altri interessi, eticamente non condivisi e non condivisibili dallo scrivente sindaco\u201d.<\/p>\n","protected":false},"excerpt":{"rendered":"<p>E&#8217; stata convocata una conferenza dei sindaci luned\u00ec 16, alle 10.30, nel salone delle Bandiere di palazzo Zanca, dal primo cittadino Renato Accorinti. Si discuter\u00e0 insieme ai sindaci della citt\u00e0 metropolitana, alle organizzazioni sindacali, agli enti ed associazioni, alle deputazioni e direzioni aziendali e all&#8217;assessore regionale alla Salute, Baldassare Gucciardi, su tempi e modalit\u00e0 della [&hellip;]<\/p>\n","protected":false},"author":8,"featured_media":2496,"comment_status":"closed","ping_status":"open","sticky":false,"template":"","format":"standard","meta":{"ub_ctt_via":"","_mi_skip_tracking":false},"categories":[5],"tags":[],"featured_image_src":"https:\/\/www.messinaoggi.it\/website\/wp-content\/uploads\/2017\/06\/Palazzo-Zanca-2-2.jpg","author_info":{"display_name":"red..me","author_link":"https:\/\/www.messinaoggi.it\/website\/author\/redstage\/"},"digistream_id":0,"digistream":false,"_links":{"self":[{"href":"https:\/\/www.messinaoggi.it\/website\/wp-json\/wp\/v2\/posts\/9623"}],"collection":[{"href":"https:\/\/www.messinaoggi.it\/website\/wp-json\/wp\/v2\/posts"}],"about":[{"href":"https:\/\/www.messinaoggi.it\/website\/wp-json\/wp\/v2\/types\/post"}],"author":[{"embeddable":true,"href":"https:\/\/www.messinaoggi.it\/website\/wp-json\/wp\/v2\/users\/8"}],"replies":[{"embeddable":true,"href":"https:\/\/www.messinaoggi.it\/website\/wp-json\/wp\/v2\/comments?post=9623"}],"version-history":[{"count":0,"href":"https:\/\/www.messinaoggi.it\/website\/wp-json\/wp\/v2\/posts\/9623\/revisions"}],"wp:featuredmedia":[{"embeddable":true,"href":"https:\/\/www.messinaoggi.it\/website\/wp-json\/wp\/v2\/media\/2496"}],"wp:attachment":[{"href":"https:\/\/www.messinaoggi.it\/website\/wp-json\/wp\/v2\/media?parent=9623"}],"wp:term":[{"taxonomy":"category","embeddable":true,"href":"https:\/\/www.messinaoggi.it\/website\/wp-json\/wp\/v2\/categories?post=9623"},{"taxonomy":"post_tag","embeddable":true,"href":"https:\/\/www.messinaoggi.it\/website\/wp-json\/wp\/v2\/tags?post=9623"}],"curies":[{"name":"wp","href":"https:\/\/api.w.org\/{rel}","templated":true}]}}