{"id":9620,"date":"2017-10-14T10:32:36","date_gmt":"2017-10-14T08:32:36","guid":{"rendered":"http:\/\/www.messinaoggi.it\/website\/?p=9620"},"modified":"2017-10-14T10:32:36","modified_gmt":"2017-10-14T08:32:36","slug":"galleria-san-jachiddu-rampe-al-buio-sos-di-laimo-e-cannistraci","status":"publish","type":"post","link":"https:\/\/www.messinaoggi.it\/website\/2017\/10\/14\/galleria-san-jachiddu-rampe-al-buio-sos-di-laimo-e-cannistraci\/","title":{"rendered":"Galleria &quot;San Jachiddu&quot;: rampe al buio, Sos di Laimo e Cannistraci"},"content":{"rendered":"<div id=\"yMail_cursorElementTracker_1507885926387\">Da troppi mesi le rampe d&#8217;accesso alla galleria &#8220;San Jachiddu&#8221;, che collega la zona dell&#8217;Annunziata a quella di Giostra, sono totalmente al buio. Una situazione che perdura da tempo, lo denunciano il vice presidente della V Circoscrizione Franco Laimo ed il consigliere Marcello Cannistraci che da mesi seguono l&#8217;iter burocratico.<\/div>\n<div><\/div>\n<div>&#8220;Da quando sono stati rubati i cavi di rame dai pali dell&#8217;illuminazione, purtroppo non si \u00e8 riusciti a trovare la somma necessaria per il ripristino dell&#8217;impianto; per di pi\u00f9 vi \u00e8 una doppia competenza di dipartimenti delle due bretelle, fra pubblica illuminazione e lavori pubblici&#8221;.<\/div>\n<div><\/div>\n<div>Laimo e Cannistraci evidenziano la pericolosit\u00e0 sia in ingresso sia in uscita della galleria poich\u00e9 la differenza di luce crea non pochi problemi agli automobilisti. Diverse note sono state inviate dalla sede di Villa Lina, l&#8217;auspicio per i due esponenti di Sicilia Futura \u00e8 che ci sia presto un impegno di spesa per la risoluzione del problema.<\/div>\n<div id=\"div-gpt-ad-Messinaoggi.it-DSK-300x250-corpoart\" style=\"text-align:center;margin:0 auto;\"><\/div><\/p><div id=\"videoincontent\" style=\"clear:both\";><\/div>","protected":false},"excerpt":{"rendered":"<p>Da troppi mesi le rampe d&#8217;accesso alla galleria &#8220;San Jachiddu&#8221;, che collega la zona dell&#8217;Annunziata a quella di Giostra, sono totalmente al buio. Una situazione che perdura da tempo, lo denunciano il vice presidente della V Circoscrizione Franco Laimo ed il consigliere Marcello Cannistraci che da mesi seguono l&#8217;iter burocratico. &#8220;Da quando sono stati rubati [&hellip;]<\/p>\n","protected":false},"author":2,"featured_media":9622,"comment_status":"closed","ping_status":"open","sticky":false,"template":"","format":"standard","meta":{"ub_ctt_via":"","_mi_skip_tracking":false},"categories":[5],"tags":[],"featured_image_src":"https:\/\/www.messinaoggi.it\/website\/wp-content\/uploads\/2017\/10\/rampe-san-jachiddu.jpg","author_info":{"display_name":"Redazione","author_link":"https:\/\/www.messinaoggi.it\/website\/author\/redazione\/"},"digistream_id":0,"digistream":false,"_links":{"self":[{"href":"https:\/\/www.messinaoggi.it\/website\/wp-json\/wp\/v2\/posts\/9620"}],"collection":[{"href":"https:\/\/www.messinaoggi.it\/website\/wp-json\/wp\/v2\/posts"}],"about":[{"href":"https:\/\/www.messinaoggi.it\/website\/wp-json\/wp\/v2\/types\/post"}],"author":[{"embeddable":true,"href":"https:\/\/www.messinaoggi.it\/website\/wp-json\/wp\/v2\/users\/2"}],"replies":[{"embeddable":true,"href":"https:\/\/www.messinaoggi.it\/website\/wp-json\/wp\/v2\/comments?post=9620"}],"version-history":[{"count":0,"href":"https:\/\/www.messinaoggi.it\/website\/wp-json\/wp\/v2\/posts\/9620\/revisions"}],"wp:featuredmedia":[{"embeddable":true,"href":"https:\/\/www.messinaoggi.it\/website\/wp-json\/wp\/v2\/media\/9622"}],"wp:attachment":[{"href":"https:\/\/www.messinaoggi.it\/website\/wp-json\/wp\/v2\/media?parent=9620"}],"wp:term":[{"taxonomy":"category","embeddable":true,"href":"https:\/\/www.messinaoggi.it\/website\/wp-json\/wp\/v2\/categories?post=9620"},{"taxonomy":"post_tag","embeddable":true,"href":"https:\/\/www.messinaoggi.it\/website\/wp-json\/wp\/v2\/tags?post=9620"}],"curies":[{"name":"wp","href":"https:\/\/api.w.org\/{rel}","templated":true}]}}