{"id":9617,"date":"2017-10-14T10:12:08","date_gmt":"2017-10-14T08:12:08","guid":{"rendered":"http:\/\/www.messinaoggi.it\/website\/?p=9617"},"modified":"2017-10-14T10:12:08","modified_gmt":"2017-10-14T08:12:08","slug":"barcellona-pomeriggio-inaugurazione-pista-mtb","status":"publish","type":"post","link":"https:\/\/www.messinaoggi.it\/website\/2017\/10\/14\/barcellona-pomeriggio-inaugurazione-pista-mtb\/","title":{"rendered":"Barcellona, s&#039;inaugura la pista di Mtb"},"content":{"rendered":"<p style=\"text-align: justify;\"><span style=\"font-family: Arial, sans-serif;\"><span style=\"font-size: medium;\">Oggi pomeriggio, alle 15 circa, verr\u00e0 inaugurata presso il Centro Giovanile Cairoli di Barcellona PG la pista mountain bike &#8220;Green Park&#8221;, frutto di un progetto che ha visto la collaborazione tra i ragazzi della citt\u00e0 del Longano, la Societ\u00e0 ASD FRECCIA AZZURRA e l&#8217;Assessorato alle Politiche Giovanili. Qui sar\u00e0 possibile praticare questo sport sotto la supervisione di istruttori professionisti.<\/span><\/span><div id=\"div-gpt-ad-Messinaoggi.it-DSK-300x250-corpoart\" style=\"text-align:center;margin:0 auto;\"><\/div><\/p>\n<p style=\"text-align: justify;\"><span style=\"font-family: Arial, sans-serif;\"><span style=\"font-size: medium;\">Il progetto in questione rientra tra le iniziative he fanno capo all&#8217;Avviso Pubblico &#8220;Facciamo Centro&#8221; che racchiude al suo interno laboratori musicali, teatrali, sportivi e linguistici, svolti dalle associazioni del territorio e rivolti a decine di bambini e ragazzi che usufruiscono della struttura comunale a fini aggregativi e sociali.<\/span><\/span><div id=\"videoincontent\" style=\"clear:both\";><\/div><\/p>\n","protected":false},"excerpt":{"rendered":"<p>Oggi pomeriggio, alle 15 circa, verr\u00e0 inaugurata presso il Centro Giovanile Cairoli di Barcellona PG la pista mountain bike &#8220;Green Park&#8221;, frutto di un progetto che ha visto la collaborazione tra i ragazzi della citt\u00e0 del Longano, la Societ\u00e0 ASD FRECCIA AZZURRA e l&#8217;Assessorato alle Politiche Giovanili. Qui sar\u00e0 possibile praticare questo sport sotto la [&hellip;]<\/p>\n","protected":false},"author":8,"featured_media":9618,"comment_status":"closed","ping_status":"open","sticky":false,"template":"","format":"standard","meta":{"ub_ctt_via":"","_mi_skip_tracking":false},"categories":[13,14],"tags":[],"featured_image_src":"https:\/\/www.messinaoggi.it\/website\/wp-content\/uploads\/2017\/10\/bici-bicicletta.jpg","author_info":{"display_name":"red..me","author_link":"https:\/\/www.messinaoggi.it\/website\/author\/redstage\/"},"digistream_id":0,"digistream":false,"_links":{"self":[{"href":"https:\/\/www.messinaoggi.it\/website\/wp-json\/wp\/v2\/posts\/9617"}],"collection":[{"href":"https:\/\/www.messinaoggi.it\/website\/wp-json\/wp\/v2\/posts"}],"about":[{"href":"https:\/\/www.messinaoggi.it\/website\/wp-json\/wp\/v2\/types\/post"}],"author":[{"embeddable":true,"href":"https:\/\/www.messinaoggi.it\/website\/wp-json\/wp\/v2\/users\/8"}],"replies":[{"embeddable":true,"href":"https:\/\/www.messinaoggi.it\/website\/wp-json\/wp\/v2\/comments?post=9617"}],"version-history":[{"count":0,"href":"https:\/\/www.messinaoggi.it\/website\/wp-json\/wp\/v2\/posts\/9617\/revisions"}],"wp:featuredmedia":[{"embeddable":true,"href":"https:\/\/www.messinaoggi.it\/website\/wp-json\/wp\/v2\/media\/9618"}],"wp:attachment":[{"href":"https:\/\/www.messinaoggi.it\/website\/wp-json\/wp\/v2\/media?parent=9617"}],"wp:term":[{"taxonomy":"category","embeddable":true,"href":"https:\/\/www.messinaoggi.it\/website\/wp-json\/wp\/v2\/categories?post=9617"},{"taxonomy":"post_tag","embeddable":true,"href":"https:\/\/www.messinaoggi.it\/website\/wp-json\/wp\/v2\/tags?post=9617"}],"curies":[{"name":"wp","href":"https:\/\/api.w.org\/{rel}","templated":true}]}}