{"id":96110,"date":"2022-02-05T10:02:36","date_gmt":"2022-02-05T09:02:36","guid":{"rendered":"https:\/\/www.messinaoggi.it\/website\/2022\/02\/05\/musumeci-la-battaglia-dei-voti-si-gioca-al-sud\/"},"modified":"2022-02-05T10:02:36","modified_gmt":"2022-02-05T09:02:36","slug":"musumeci-la-battaglia-dei-voti-si-gioca-al-sud","status":"publish","type":"post","link":"https:\/\/www.messinaoggi.it\/website\/2022\/02\/05\/musumeci-la-battaglia-dei-voti-si-gioca-al-sud\/","title":{"rendered":"Musumeci: \u201cLa battaglia dei voti si gioca al Sud\u201d"},"content":{"rendered":"<div>\n<p>PALERMO (ITALPRESS) \u2013 \u201cOggi il centrodestra \u00e8 di fronte ad un bivio\u201d. Cos\u00ec il presidente della Regione Siciliana, Nello Musumeci, nel corso di un\u2019intervista rilasciata a \u201cIl Mattino\u201d. \u201cPenso che occorra trovare le ragioni dello stare insieme, in nome dei comuni valori e della comune idea di societ\u00e0, o fare prevalere i tatticismi e rischiare di vedere governare per un decennio la sinistra, che in Italia oggi \u00e8 minoranza \u2013 sottolinea Musumeci -. C\u2019\u00e8, poi, un dato paradossale: questa crisi latente \u00e8 esplosa mentre proprio pochi giorni fa in Europa \u00e8 stata archiviata la maggioranza Ursula grazie alla convergenza del gruppo Conservatore sulla candidata del Ppe. Se ne \u00e8 parlato poco, ma \u00e8 stata una significativa novit\u00e0 sulla quale riflettere: piuttosto che pensare sempre a dividere, c\u2019\u00e8 stata una lungimiranza che ha unito e lanciato un messaggio a tutta l\u2019Europa\u201d. Sull\u2019idea di un terzo polo in Italia, il governatore \u00e8 particolarmente scettico, visto che gli italiani \u201channo votato alle elezioni amministrative e regionali, rigettando ogni tentativo terzopolista\u201d. <br \/>Piuttosto per la destra la sfida \u201c\u00e8 ritrovare una politica per il Sud. E serve ribadire a tutti come la meridionalit\u00e0 sia una parte essenziale della nostra identit\u00e0. Ma oggi bisogna superare anche il vizio di certa classe dirigente che al Sud non ha dato prova di lungimiranza\u201d. Musumeci ha anche commentato l\u2019ufficializzazione della sua ricandidatura arrivata da Giorgia Meloni: \u201cMi piacerebbe che in Sicilia si giocasse la sfida di un centrodestra rinnovato che guarda al futuro con senso di responsabilit\u00e0\u201d. Per quanto concerne la possibilit\u00e0 di un ritorno al sistema proporzionale Musumeci spiega che \u201cchi pensa di risolvere i problemi di oggi cambiando la legge e rimandando a un futuro indefinito le questioni vere, non capisce che rischia solo di vederle esplodere nella formazione del nuovo governo dopo il voto. Credo inoltre che sia Berlusconi sia Salvini, come hanno dichiarato, avvertono al pari di Giorgia Meloni il ritorno al passato come un rischio da evitare. Hanno tutti e tre ragione\u201d. Infine sulla rielezione a capo dello Stato di Mattarella, Musumeci sottolinea come abbia \u201cfatto un discorso apprezzabile e concreto, nel quale si \u00e8 riconosciuto anche chi non ha votato per lui\u201d e che \u201cserve una grande rivoluzione etica, perch\u00e8 la gente esasperata chiede una classe politica che sia di esempio e nella quale riconoscersi\u201d.<br \/>(ITALPRESS).<div id=\"div-gpt-ad-Messinaoggi.it-DSK-300x250-corpoart\" style=\"text-align:center;margin:0 auto;\"><\/div><\/p>\n<\/div>\n<div id=\"videoincontent\" style=\"clear:both\";><\/div>","protected":false},"excerpt":{"rendered":"<p>PALERMO (ITALPRESS) \u2013 \u201cOggi il centrodestra \u00e8 di fronte ad un bivio\u201d. Cos\u00ec il presidente della Regione Siciliana, Nello Musumeci, nel corso di un\u2019intervista rilasciata a \u201cIl Mattino\u201d. \u201cPenso che occorra trovare le ragioni dello stare insieme, in nome dei comuni valori e della comune idea di societ\u00e0, o fare prevalere i tatticismi e rischiare [&hellip;]<\/p>\n","protected":false},"author":18,"featured_media":96111,"comment_status":"closed","ping_status":"closed","sticky":false,"template":"","format":"standard","meta":{"ub_ctt_via":"","_mi_skip_tracking":false},"categories":[2449],"tags":[783],"featured_image_src":"https:\/\/www.messinaoggi.it\/website\/wp-content\/uploads\/2022\/02\/20220205_0200.jpg","author_info":{"display_name":"Admin","author_link":"https:\/\/www.messinaoggi.it\/website\/author\/admin\/"},"digistream_id":0,"digistream":false,"_links":{"self":[{"href":"https:\/\/www.messinaoggi.it\/website\/wp-json\/wp\/v2\/posts\/96110"}],"collection":[{"href":"https:\/\/www.messinaoggi.it\/website\/wp-json\/wp\/v2\/posts"}],"about":[{"href":"https:\/\/www.messinaoggi.it\/website\/wp-json\/wp\/v2\/types\/post"}],"author":[{"embeddable":true,"href":"https:\/\/www.messinaoggi.it\/website\/wp-json\/wp\/v2\/users\/18"}],"replies":[{"embeddable":true,"href":"https:\/\/www.messinaoggi.it\/website\/wp-json\/wp\/v2\/comments?post=96110"}],"version-history":[{"count":0,"href":"https:\/\/www.messinaoggi.it\/website\/wp-json\/wp\/v2\/posts\/96110\/revisions"}],"wp:featuredmedia":[{"embeddable":true,"href":"https:\/\/www.messinaoggi.it\/website\/wp-json\/wp\/v2\/media\/96111"}],"wp:attachment":[{"href":"https:\/\/www.messinaoggi.it\/website\/wp-json\/wp\/v2\/media?parent=96110"}],"wp:term":[{"taxonomy":"category","embeddable":true,"href":"https:\/\/www.messinaoggi.it\/website\/wp-json\/wp\/v2\/categories?post=96110"},{"taxonomy":"post_tag","embeddable":true,"href":"https:\/\/www.messinaoggi.it\/website\/wp-json\/wp\/v2\/tags?post=96110"}],"curies":[{"name":"wp","href":"https:\/\/api.w.org\/{rel}","templated":true}]}}