{"id":9605,"date":"2017-10-14T08:00:26","date_gmt":"2017-10-14T06:00:26","guid":{"rendered":"http:\/\/www.messinaoggi.it\/website\/?p=9605"},"modified":"2017-10-14T08:00:26","modified_gmt":"2017-10-14T06:00:26","slug":"spazio-gazzi-arte-ridipinge-il-futuro-della-periferia-messinese","status":"publish","type":"post","link":"https:\/\/www.messinaoggi.it\/website\/2017\/10\/14\/spazio-gazzi-arte-ridipinge-il-futuro-della-periferia-messinese\/","title":{"rendered":"Spazio Gazzi Arte ridipinge il futuro della periferia messinese"},"content":{"rendered":"<p style=\"text-align: justify\">E\u2019 stato \u00a0presentato ieri, nell\u2019ex Sala Giunta della Citt\u00e0 Metropolitana di Messina,\u00a0<strong>Spazio Gazzi Arte &#8211;\u00a0Presidio di Arte Urbana, \u00a0<\/strong>pensato per riqualificare e rigenerare lo spazio antistante gli Istituti Quasimodo e Corelli, con pitture murali realizzate dagli alunni del Liceo Scientifico Quasimodo.<div id=\"div-gpt-ad-Messinaoggi.it-DSK-300x250-corpoart\" style=\"text-align:center;margin:0 auto;\"><\/div><\/p>\n<p style=\"text-align: justify\">Presente all\u2019evento anche il dott.\u00a0<strong>Filippo Romano,<\/strong> \u00a0Commissario della Citt\u00e0 Metropolitana di Messina, che\u00a0 elogiando l\u2019iniziativa ha affermato:\u00a0<em>\u201cLo Spazio Gazzi Arte \u00e8 il simbolo di una scommessa vinta. Una scommessa nel solco della italica abilit\u00e0 di trarre il bello dalla necessit\u00e0. La convivenza fra Istituto superiore Quasimodo e Conservatorio Musicale Corelli, infatti,\u00a0nasce da una necessit\u00e0 imposta dalla crisi: quella della razionalizzazione degli edifici scolastici. Ma grazie alla grande intelligenza strategica dei due Capi d\u2019istituto\u00a0e, a ben vedere delle due comunit\u00e0 scolastiche, la coabitazione si \u00e8 trasformata in volano di entusiasmo e di iniziative innovative. E, sotto la direzione artistica di Saverio Pugliatti, ha prodotto questo splendido frutto che simbolizza uno splendido concetto: trasformare un territorio depresso e periferico con la bellezza, il dono che riassume in s\u00e9 la cultura, la musica e l&#8217;educazione. Cio\u00e8 i beni preziosi prodotti dalle due istituzioni scolastiche. Sar\u00e0 una piccola trasformazione ma,\u00a0come dicevano i giovani idealisti francesi nel \u201868, ce n&#8217;est que un debut!\u201d<\/em><div id=\"videoincontent\" style=\"clear:both\";><\/div><\/p>\n<p style=\"text-align: justify\">Hanno successivamente preso la parola il dirigente scolastico dell\u2019Istituto Superiore \u201cG. Minutoli\u201d,\u00a0<strong>Piero La Tona<\/strong>, il presidente del Conservatorio Musicale \u201cArcangelo Corelli\u201d,\u00a0<strong>Giuseppe Ministeri<\/strong>, il promotore e ideatore dell\u2019iniziativa,\u00a0<strong>Saverio Pugliatti<\/strong>.<\/p>\n<p><img loading=\"lazy\" class=\"alignnone  wp-image-9606\" src=\"http:\/\/www.messinaoggi.it\/website\/wp-content\/uploads\/2017\/10\/Spazio-Gazzi-Arte-1--300x169.jpg\" alt=\"\" width=\"373\" height=\"210\" \/><\/p>\n<p style=\"text-align: justify\">Il dirigente dell\u2019Istituto \u201cG. Minutoli\u201d, Piero La Tona ha dichiarato: \u201c<em>Continua la proficua collaborazione fra il Minutoli &#8211; Quasimodo e il Conservatorio Corelli. Con Spazio Gazzi Arte si \u00e8 realizzata un\u2019opera di grande valenza artistica perch\u00e9 abbiamo scoperto dei talenti e, al tempo stesso, sociale visto che abbiamo riqualificato un\u2019area con dei murales esteticamente molto belli. L\u2019istituzione scolastica con questa iniziativa assolve al suo ruolo principale che \u00e8 quello di dare formazione ai ragazzi contribuendo, al contempo, alla crescita del territorio in cui opera<\/em>\u201d.<\/p>\n<p style=\"text-align: justify\">Il Presidente del Conservatorio \u201cArcangelo Corelli\u201d, Giuseppe Ministeri ha aggiunto: \u201c<em>Sono particolarmente contento per questo momento pubblico dove presentiamo un lavoro condotto per diversi mesi e che rappresenta un fatto concreto rispetto ad una cosa di cui spesso si parla, ma troppo spesso poco si fa, ovvero la rigenerazione di aree periferiche della nostra citt\u00e0. Con questo progetto, che oggi vede solamente un primo step di un percorso pi\u00f9 articolato e duraturo nel tempo, vogliamo con orgoglio affermare che questa parte della citt\u00e0 \u00e8 il nostro centro. Vorrei ribadire che Spazio Gazzi Arte \u00e8 il frutto di una collaborazione costruttiva con il Minutoli &#8211; Quasimodo, una delle prime cose che mi sono prefissato di realizzare appena mi sono insediato<\/em>\u201d.<\/p>\n<p style=\"text-align: justify\">Infine sulla funzione del Conservatorio, Ministeri sottolinea: \u201c<em>Non \u00e8 un luogo di formazione esclusivamente musicale, ma \u00e8 un polo culturale e creativo e ritengo si debba trovare in un contesto dove si respiri Bellezza e dove l\u2019attenzione e la cura per i particolari faccia la differenza<\/em>\u201d.<\/p>\n<p style=\"text-align: justify\">\u201c<em>La citt\u00e0 del futuro \u00e8 nelle periferie, cos\u00ec come affermava Renzo Piano \u2013\u00a0<\/em>aggiunge Saverio Pugliatti<em>\u00a0&#8211;\u00a0 le periferie sono la grande scommessa urbana dei prossimi decenni, i giovani devono salvarla. Questa l\u2019ispirazione alla base del progetto Spazio Gazzi Arte<\/em>\u00a0<em>e l\u2019obbiettivo \u00e8 quello di realizzare nelle aree dei due Istituti un centro di produzione di arte e cultura partecipata, attraverso laboratori per gli studenti del quartiere, spettacoli musicali e opere d\u2019arte permanenti per restituire a una porzione anonima di territorio una forte identit\u00e0 artistica<\/em>\u201d.<\/p>\n<p style=\"text-align: justify\">Presenti anche <strong>Anna Maria Tripodo<\/strong>, dirigente alla Cultura della Citt\u00e0 Metropolitana, <strong>Antonino Averna, <\/strong>direttore del Conservatorio Corelli,\u00a0la docente di storia dell\u2019arte del liceo scientifico Quasimodo\u00a0<strong>Giuliana Giuffrida,\u00a0<\/strong>art director del progetto insieme a Pugliatti, l&#8217;architetto <strong>Antonio Virgilio,<\/strong>\u00a0lo storico dell\u2019arte\u00a0<strong>Giampaolo Chill\u00e8<\/strong>\u00a0che ha scritto il testo critico dei lavori ed i giovani artisti che hanno realizzato i murales, una ventina di ragazzi appartenenti al liceo scientifico Quasimodo, all\u2019Accademia delle Belle Arti di Messina e alcuni migranti dell\u2019Istituto Cristo Re, che sono stati seguiti dall\u2019art coaching\u00a0<strong>Antonello Arena,\u00a0<\/strong>mentre i colori e i materiali per la realizzazione delle opere sono stati forniti dalla Ditta\u00a0<strong>Francesca Giorgianni Colori<\/strong>.<\/p>\n<p style=\"text-align: justify\">Questi i nomi degli studenti: Alessandro Bonanno, Andrea Agati, Andr\u00e9 Di Lorenzo, Andrea Zappal\u00e0, Antonella Pellegrino, Federica Casile, Cetty Santanello, Felice Cardile, Giorgio De Leo, Lillo Briguglio, Marcello Ristagno, Mariagiulia Sturniolo, Miriana Restuccia, Monica Miraglia, Adriana Rascon\u00e0, Giovanni Gigan\u00f2, Costanza Sibilla, Wael Noor, Lamin Sanko.<\/p>\n<p style=\"text-align: justify\">La location sar\u00e0 inaugurata questo pomeriggio alle ore 17.00. L\u2019evento sar\u00e0 presentato dalla giornalista Gisella Cicci\u00f2. L\u2019inaugurazione sar\u00e0 accompagnata dall\u2019esibizione del gruppo musicale\u00a0<strong>Opale Accordion Quartet,\u00a0<\/strong>diretto\u00a0dal\u00a0Maestro\u00a0<strong>Ivano Biscardi\u00a0<\/strong>e<strong>\u00a0<\/strong>formato dai giovani fisarmonicisti\u00a0<strong>Aldo Capua<\/strong>,\u00a0<strong>Francesco Antonuccio<\/strong>,\u00a0<strong>Salvatore Fazzari<\/strong>\u00a0e\u00a0<strong>Agostino Pronest\u00ec<\/strong>, che attualmente frequentano il Biennio di II\u00b0 livello al Conservatorio Corelli.<\/p>\n<p style=\"text-align: justify\">Il servizio accoglienza per gli ospiti sar\u00e0 curato dai ragazzi dell\u2019indirizzo Turistico dell\u2019Istituto Quasimodo.<\/p>\n<p style=\"text-align: justify\">Ancora una volta l\u2019arte assolve al suo compito pi\u00f9 \u201calto\u201d; innalzare l\u2019anima della propria citt\u00e0.<\/p>\n<p> <\/p>\n","protected":false},"excerpt":{"rendered":"<p>E\u2019 stato \u00a0presentato ieri, nell\u2019ex Sala Giunta della Citt\u00e0 Metropolitana di Messina,\u00a0Spazio Gazzi Arte &#8211;\u00a0Presidio di Arte Urbana, \u00a0pensato per riqualificare e rigenerare lo spazio antistante gli Istituti Quasimodo e Corelli, con pitture murali realizzate dagli alunni del Liceo Scientifico Quasimodo. Presente all\u2019evento anche il dott.\u00a0Filippo Romano, \u00a0Commissario della Citt\u00e0 Metropolitana di Messina, che\u00a0 elogiando [&hellip;]<\/p>\n","protected":false},"author":5,"featured_media":9607,"comment_status":"closed","ping_status":"open","sticky":false,"template":"","format":"standard","meta":{"ub_ctt_via":"","_mi_skip_tracking":false},"categories":[16],"tags":[],"featured_image_src":"https:\/\/www.messinaoggi.it\/website\/wp-content\/uploads\/2017\/10\/Spazio-Gazzi-Arte-2.jpg","author_info":{"display_name":"Maria Antonella Saia","author_link":"https:\/\/www.messinaoggi.it\/website\/author\/m-saia\/"},"digistream_id":0,"digistream":false,"_links":{"self":[{"href":"https:\/\/www.messinaoggi.it\/website\/wp-json\/wp\/v2\/posts\/9605"}],"collection":[{"href":"https:\/\/www.messinaoggi.it\/website\/wp-json\/wp\/v2\/posts"}],"about":[{"href":"https:\/\/www.messinaoggi.it\/website\/wp-json\/wp\/v2\/types\/post"}],"author":[{"embeddable":true,"href":"https:\/\/www.messinaoggi.it\/website\/wp-json\/wp\/v2\/users\/5"}],"replies":[{"embeddable":true,"href":"https:\/\/www.messinaoggi.it\/website\/wp-json\/wp\/v2\/comments?post=9605"}],"version-history":[{"count":0,"href":"https:\/\/www.messinaoggi.it\/website\/wp-json\/wp\/v2\/posts\/9605\/revisions"}],"wp:featuredmedia":[{"embeddable":true,"href":"https:\/\/www.messinaoggi.it\/website\/wp-json\/wp\/v2\/media\/9607"}],"wp:attachment":[{"href":"https:\/\/www.messinaoggi.it\/website\/wp-json\/wp\/v2\/media?parent=9605"}],"wp:term":[{"taxonomy":"category","embeddable":true,"href":"https:\/\/www.messinaoggi.it\/website\/wp-json\/wp\/v2\/categories?post=9605"},{"taxonomy":"post_tag","embeddable":true,"href":"https:\/\/www.messinaoggi.it\/website\/wp-json\/wp\/v2\/tags?post=9605"}],"curies":[{"name":"wp","href":"https:\/\/api.w.org\/{rel}","templated":true}]}}