{"id":9603,"date":"2017-10-13T20:31:04","date_gmt":"2017-10-13T18:31:04","guid":{"rendered":"http:\/\/www.messinaoggi.it\/website\/?p=9603"},"modified":"2017-10-13T20:31:04","modified_gmt":"2017-10-13T18:31:04","slug":"eccellenza-domani-a-mili-citta-di-messina-paterno","status":"publish","type":"post","link":"https:\/\/www.messinaoggi.it\/website\/2017\/10\/13\/eccellenza-domani-a-mili-citta-di-messina-paterno\/","title":{"rendered":"Eccellenza: domani a Mili Citt\u00e0 di Messina-Patern\u00f2"},"content":{"rendered":"<p style=\"text-align: justify;\"><span style=\"font-family: 'arial' , 'helvetica' , sans-serif;\">A distanza di cinque mesi dal doppio confronto in semifinale di Coppa Italia, il Citt\u00e0 di Messina ritrova il Patern\u00f2. Appuntamento\u00a0a\u00a0domani pomeriggio, quindi, al Garden Sport dove la formazione giallorossa ospiter\u00e0 gli etnei con il chiaro intento di proseguire la striscia positiva di risultati e\u00a0rimanere nelle alte sfere del girone B di Eccellenza. <\/span><div id=\"div-gpt-ad-Messinaoggi.it-DSK-300x250-corpoart\" style=\"text-align:center;margin:0 auto;\"><\/div><\/p>\n<div style=\"text-align: justify;\"><span style=\"font-family: 'arial' , 'helvetica' , sans-serif;\">Oggi pomeriggio i peloritani hanno\u00a0svolto la seduta di rifinitura agli ordini del tecnico Giuseppe Furnari. Oltre all\u2019infortunato\u00a0di lungo corso\u00a0Bill\u00e8, non\u00a0sono disponibili\u00a0Silvestri e Genovese, bloccati entrambi da un fastidio muscolare. Prima convocazione con i grandi per il classe 1999 Vittorio De Luca. Rientra invece Davide Leo, out ad Adrano per infortunio.<\/span><\/div>\n<div style=\"text-align: justify;\"><span style=\"font-family: 'arial' , 'helvetica' , sans-serif;\">\u00a0<\/span><\/div>\n<div style=\"text-align: justify;\"><span style=\"font-family: 'arial' , 'helvetica' , sans-serif;\">Di seguito la lista dei 21 convocati del Citt\u00e0 di Messina:<\/span><\/div>\n<div style=\"text-align: justify;\"><span style=\"font-family: 'arial' , 'helvetica' , sans-serif;\"><strong>Portieri<\/strong>:\u00a0 Paterniti, A. Maisano<\/span><\/div>\n<div style=\"text-align: justify;\"><span style=\"font-family: 'arial' , 'helvetica' , sans-serif;\"><strong>Difensori<\/strong>: Fragapane, Bombara, S. Leo,\u00a0 Filistad, Tiano<\/span><\/div>\n<div style=\"text-align: justify;\"><span style=\"font-family: 'arial' , 'helvetica' , sans-serif;\"><strong>Centrocampisti<\/strong>: Calcagno, De Luca, Ginag\u00f2, Di Stefano, Cardia, Quintoni, Alessandro, Costa<\/span><\/div>\n<div style=\"text-align: justify;\"><span style=\"font-family: 'arial' , 'helvetica' , sans-serif;\"><strong>Attaccanti<\/strong>:\u00a0La Corte, Mastroieni, Ras\u00e0, Codagnone, Di Vincenzo, Davide Leo<\/span><\/div>\n<div style=\"text-align: justify;\"><span style=\"font-family: 'arial' , 'helvetica' , sans-serif;\">Citt\u00e0 di Messina-Patern\u00f2 sar\u00e0 arbitrata da un fischietto della C.A.I.,\u00a0Giovanni Agostoni di Milano. Assistenti Manfredi Canale e Domenico Giuseppe La Monica, entrambi di Palermo<\/span><\/div>\n<p> <div id=\"videoincontent\" style=\"clear:both\";><\/div><\/p>\n","protected":false},"excerpt":{"rendered":"<p>A distanza di cinque mesi dal doppio confronto in semifinale di Coppa Italia, il Citt\u00e0 di Messina ritrova il Patern\u00f2. Appuntamento\u00a0a\u00a0domani pomeriggio, quindi, al Garden Sport dove la formazione giallorossa ospiter\u00e0 gli etnei con il chiaro intento di proseguire la striscia positiva di risultati e\u00a0rimanere nelle alte sfere del girone B di Eccellenza. Oggi pomeriggio [&hellip;]<\/p>\n","protected":false},"author":9,"featured_media":9604,"comment_status":"closed","ping_status":"open","sticky":false,"template":"","format":"standard","meta":{"ub_ctt_via":"","_mi_skip_tracking":false},"categories":[8,10],"tags":[],"featured_image_src":"https:\/\/www.messinaoggi.it\/website\/wp-content\/uploads\/2017\/10\/citt.jpg","author_info":{"display_name":"Roberto Santoro","author_link":"https:\/\/www.messinaoggi.it\/website\/author\/r-santoro\/"},"digistream_id":0,"digistream":false,"_links":{"self":[{"href":"https:\/\/www.messinaoggi.it\/website\/wp-json\/wp\/v2\/posts\/9603"}],"collection":[{"href":"https:\/\/www.messinaoggi.it\/website\/wp-json\/wp\/v2\/posts"}],"about":[{"href":"https:\/\/www.messinaoggi.it\/website\/wp-json\/wp\/v2\/types\/post"}],"author":[{"embeddable":true,"href":"https:\/\/www.messinaoggi.it\/website\/wp-json\/wp\/v2\/users\/9"}],"replies":[{"embeddable":true,"href":"https:\/\/www.messinaoggi.it\/website\/wp-json\/wp\/v2\/comments?post=9603"}],"version-history":[{"count":0,"href":"https:\/\/www.messinaoggi.it\/website\/wp-json\/wp\/v2\/posts\/9603\/revisions"}],"wp:featuredmedia":[{"embeddable":true,"href":"https:\/\/www.messinaoggi.it\/website\/wp-json\/wp\/v2\/media\/9604"}],"wp:attachment":[{"href":"https:\/\/www.messinaoggi.it\/website\/wp-json\/wp\/v2\/media?parent=9603"}],"wp:term":[{"taxonomy":"category","embeddable":true,"href":"https:\/\/www.messinaoggi.it\/website\/wp-json\/wp\/v2\/categories?post=9603"},{"taxonomy":"post_tag","embeddable":true,"href":"https:\/\/www.messinaoggi.it\/website\/wp-json\/wp\/v2\/tags?post=9603"}],"curies":[{"name":"wp","href":"https:\/\/api.w.org\/{rel}","templated":true}]}}