{"id":95977,"date":"2022-02-04T10:07:32","date_gmt":"2022-02-04T09:07:32","guid":{"rendered":"https:\/\/www.messinaoggi.it\/website\/2022\/02\/04\/berlusconi-draghi-abbia-tutto-il-tempo-serve-stabilita\/"},"modified":"2022-02-04T10:07:32","modified_gmt":"2022-02-04T09:07:32","slug":"berlusconi-draghi-abbia-tutto-il-tempo-serve-stabilita","status":"publish","type":"post","link":"https:\/\/www.messinaoggi.it\/website\/2022\/02\/04\/berlusconi-draghi-abbia-tutto-il-tempo-serve-stabilita\/","title":{"rendered":"Berlusconi \u201cDraghi abbia tutto il tempo, serve stabilit\u00e0\u201d"},"content":{"rendered":"<div>MILANO (ITALPRESS) &#8211; &#8220;Ora sto bene. Sinceramente ho passato prove pi\u00f9 dure. In questo caso si \u00e8 trattato di un malessere fastidioso che i miei medici hanno ritenuto pi\u00f9 prudente fosse trattato in ospedale. Tuttavia non mi ha mai impedito di seguire attivamente giorno per giorno questa difficile &#8211; e non bella &#8211; fase politica&#8221;. Cos\u00ec Silvio Berlusconi torna a parlare sul &#8220;Corriere della Sera&#8221; dopo settimane di riflessione, rinunce, scelte e malattia. E lo fa a tutto campo. Il presidente di Forza Italia poi afferma di non essere n\u00e8 deluso n\u00e8 amareggiato per non essere stato candidato al Quirinele. &#8220;Non ho nessun motivo di amarezza o di delusione semplicemente perch\u00e8 sono stato io a decidere, dopo un&#8217;approfondita riflessione, di non accogliere la proposta che mi era stata avanzata da tante parti, dalle forze politiche del centrodestra, da singoli parla- mentari anche di altre aree politiche, da moltissimi cittadini, di essere indicato come candidato alla Presidenza della Repubblica&#8221; dice Berlusconi che poi spiega: &#8220;Ho rinunciato semplicemente perch\u00e8 da due anni sto lavorando per l&#8217;unit\u00e0 politica e morale della Nazione in un momento di emergenza. Ho ritenuto fosse pi\u00f9 utile all&#8217;Italia evitare che sul mio nome si consumassero polemiche o lacerazioni inopportune&#8221;. Il leader azzurro poi, conferma che non c&#8217;\u00e8 nessuna mancanza di sintonia con il premier Draghi. &#8220;Tutt&#8217;altro che mancanza di sintonia, anzi \u00e8 stato proprio il mio apprezzamento per il lavoro che il presidente Draghi sta svolgendo a Palazzo Chigi che mi ha indotto a ricercare soluzioni all&#8217;insegna della stabilit\u00e0, che consentissero al governo di continuare ad operare serenamente&#8221;. Sulla decisione di sganciare FI da Lega e FdI sul l&#8217;elezione del capo dello Stato e convergere su Mattarella, aggiunge: &#8220;Per la verit\u00e0, \u00e8 del tutto normale che Forza Italia compia le sue scelte in piena libert\u00e0 e autonomia: la coalizione di centrodestra non \u00e8 un partito unico. I dirigenti di Forza Italia a Roma, in pieno accordo con me, hanno condotto con saggezza e prudenza una partita difficile, che si \u00e8 con- clusa molto bene, nell&#8217;interesse degli italiani&#8221;. Sul discorso del capo dello Stato: &#8220;Le parole del presidente Mattarella alle Camere, sulla giustizia, sulla politica internazionale, sulla centralit\u00e0 del Parlamento, sulla difesa dei pi\u00f9 deboli, sulla dignit\u00e0 delle persone stanno a dimostrare che abbiamo fatto la scelta giusta&#8221;. Berlusconi, quindi, afferma che non c&#8217;\u00e8 nessuna divisione nel centrodestra: &#8220;I rapporti personali fra i leader del centrodestra non sono mai stati in discussione, anche nei momenti di dissenso&#8221;. &#8220;L&#8217;alleanza di centrodestra esiste perch\u00e8 io l&#8217;ho resa possibile dal 1994. Non cambio certo idea oggi. Ma non cam bio neanche idea sul ruolo di Forza Italia che \u00e8 quello della sola grande forza di centro liberale, cristiano, garantista, europeista. Un centro senza il quale non si vince e che deve avere un ruolo trainante&#8221;. Sulla possibilit\u00e0 di una federazione con i partiti centristi della coalizione, Berlusconi dice: &#8220;Sono favorevole a tutto ci\u00f2 che pu\u00f2 riunire i moderati, nel solco del Partito Popolare Europeo, di cui siamo orgogliosamente espressione in Italia. La storia di Renzi \u00e8 diversa, un giorno forse decider\u00e0 dove vuole approdare&#8221;. Sulla riforma della legge elettorale rivista in senso proporzionale, afferma: &#8220;E&#8217; una discussione astratta: in realt\u00e0 mi pare difficile immaginare in questo Parlamento un percorso di modifica della legge elettorale. Nell&#8217;ultimo anno di legislatura il Paese ha ben altre priorit\u00e0&#8221;. Sul possibile rapporto in futuro con partiti moderati del centrosinistra, magari lo stesso Pd, aggiunge: &#8220;Quando l&#8217;emergenza sar\u00e0 superata, si dovr\u00e0 tornare ad alleanze fra forze politiche omogenee. Cos\u00ec funziona una sana democrazia dell&#8217;alternanza, magari con rapporti pi\u00f9 sereni e rispettosi fra le forze politiche. Ma quel momento non \u00e8 ancora arrivato e Draghi deve avere tutto il tempo necessario per completare il suo lavoro&#8221;.<br \/>\n(ITALPRESS).<\/div>\n<div id=\"div-gpt-ad-Messinaoggi.it-DSK-300x250-corpoart\" style=\"text-align:center;margin:0 auto;\"><\/div><\/p><div id=\"videoincontent\" style=\"clear:both\";><\/div>","protected":false},"excerpt":{"rendered":"<p>MILANO (ITALPRESS) &#8211; &#8220;Ora sto bene. Sinceramente ho passato prove pi\u00f9 dure. In questo caso si \u00e8 trattato di un malessere fastidioso che i miei medici hanno ritenuto pi\u00f9 prudente fosse trattato in ospedale. Tuttavia non mi ha mai impedito di seguire attivamente giorno per giorno questa difficile &#8211; e non bella &#8211; fase politica&#8221;. [&hellip;]<\/p>\n","protected":false},"author":18,"featured_media":95978,"comment_status":"closed","ping_status":"closed","sticky":false,"template":"","format":"standard","meta":{"ub_ctt_via":"","_mi_skip_tracking":false},"categories":[446],"tags":[783],"featured_image_src":"https:\/\/www.messinaoggi.it\/website\/wp-content\/uploads\/2022\/02\/20220204_0186.jpg","author_info":{"display_name":"Admin","author_link":"https:\/\/www.messinaoggi.it\/website\/author\/admin\/"},"digistream_id":0,"digistream":false,"_links":{"self":[{"href":"https:\/\/www.messinaoggi.it\/website\/wp-json\/wp\/v2\/posts\/95977"}],"collection":[{"href":"https:\/\/www.messinaoggi.it\/website\/wp-json\/wp\/v2\/posts"}],"about":[{"href":"https:\/\/www.messinaoggi.it\/website\/wp-json\/wp\/v2\/types\/post"}],"author":[{"embeddable":true,"href":"https:\/\/www.messinaoggi.it\/website\/wp-json\/wp\/v2\/users\/18"}],"replies":[{"embeddable":true,"href":"https:\/\/www.messinaoggi.it\/website\/wp-json\/wp\/v2\/comments?post=95977"}],"version-history":[{"count":0,"href":"https:\/\/www.messinaoggi.it\/website\/wp-json\/wp\/v2\/posts\/95977\/revisions"}],"wp:featuredmedia":[{"embeddable":true,"href":"https:\/\/www.messinaoggi.it\/website\/wp-json\/wp\/v2\/media\/95978"}],"wp:attachment":[{"href":"https:\/\/www.messinaoggi.it\/website\/wp-json\/wp\/v2\/media?parent=95977"}],"wp:term":[{"taxonomy":"category","embeddable":true,"href":"https:\/\/www.messinaoggi.it\/website\/wp-json\/wp\/v2\/categories?post=95977"},{"taxonomy":"post_tag","embeddable":true,"href":"https:\/\/www.messinaoggi.it\/website\/wp-json\/wp\/v2\/tags?post=95977"}],"curies":[{"name":"wp","href":"https:\/\/api.w.org\/{rel}","templated":true}]}}