{"id":95825,"date":"2022-02-03T00:07:37","date_gmt":"2022-02-02T23:07:37","guid":{"rendered":"https:\/\/www.messinaoggi.it\/website\/2022\/02\/02\/scuola-bianchi-elemento-di-sicurezza-e-la-vaccinazione\/"},"modified":"2022-02-03T06:58:30","modified_gmt":"2022-02-03T05:58:30","slug":"scuola-bianchi-elemento-di-sicurezza-e-la-vaccinazione","status":"publish","type":"post","link":"https:\/\/www.messinaoggi.it\/website\/2022\/02\/03\/scuola-bianchi-elemento-di-sicurezza-e-la-vaccinazione\/","title":{"rendered":"Scuola, Bianchi \u201cElemento di sicurezza \u00e8 la vaccinazione\u201d"},"content":{"rendered":"<div>ROMA (ITALPRESS) &#8211; &#8220;La formazione a distanza non \u00e8 il male assoluto, nei momenti di difficolt\u00e0 \u00e8 stata una grande risorsa e lo sar\u00e0 anche in futuro se necessario. Non stiamo demonizzando uno strumento fondamentale in questi due anni difficilissimi, ma privilegiamo l&#8217;attivit\u00e0 in presenza. Bisogna per\u00f2 dare un segno forte: l&#8217;elemento di sicurezza \u00e8 la vaccinazione&#8221;. Cos\u00ec il ministro dell&#8217;Istruzione, Patrizio Bianchi, in conferenza stampa al termine del Cdm. &#8220;Stiamo marciando verso una nuova normalit\u00e0 ma con la cautela che ci deve essere, perch\u00e8 il virus c&#8217;\u00e8 ancora e le scuole non sono un luogo separato rispetto a tutto il Paese&#8221;, ha aggiunto. Per il ministro tutti questi &#8220;sono interventi che richiedono un forte senso di responsabilit\u00e0 da parte di tutti. L&#8217;auto sorveglianza e gli elementi di semplificazione che abbiamo introdotto si basano sulla fiducia reciproca. Si esce da questa fase in un modo nuovo, in un modo responsabile e con la partecipazione di tutti. Questo \u00e8 il senso delle nostre misure&#8221;. Infine, sulle polemiche per l&#8217;atteggiamento della Lega nel corso del Cdm, Bianchi ha chiosato: &#8220;Ho trovato una discussione straordinariamente responsabile da parte di tutti, non solo non vi \u00e8 stato n\u00e8 uno scontro e n\u00e8 delle polemiche, ma solo una precisazione da parte dei colleghi della Lega registrata con la massima responsabilit\u00e0 da parte di tutti. Il clima sempre aperto e disponibile a un confronto sereno e responsabile credo sia alla base del nostro lavoro&#8221;.<br \/>(ITALPRESS).<\/div>\n<div id=\"div-gpt-ad-Messinaoggi.it-DSK-300x250-corpoart\" style=\"text-align:center;margin:0 auto;\"><\/div><\/p><div id=\"videoincontent\" style=\"clear:both\";><\/div>","protected":false},"excerpt":{"rendered":"<p>ROMA (ITALPRESS) &#8211; &#8220;La formazione a distanza non \u00e8 il male assoluto, nei momenti di difficolt\u00e0 \u00e8 stata una grande risorsa e lo sar\u00e0 anche in futuro se necessario. Non stiamo demonizzando uno strumento fondamentale in questi due anni difficilissimi, ma privilegiamo l&#8217;attivit\u00e0 in presenza. Bisogna per\u00f2 dare un segno forte: l&#8217;elemento di sicurezza \u00e8 [&hellip;]<\/p>\n","protected":false},"author":18,"featured_media":95826,"comment_status":"closed","ping_status":"closed","sticky":false,"template":"","format":"standard","meta":{"ub_ctt_via":"","_mi_skip_tracking":false},"categories":[221,446],"tags":[783],"featured_image_src":"https:\/\/www.messinaoggi.it\/website\/wp-content\/uploads\/2022\/02\/20220202_2086.jpg","author_info":{"display_name":"Admin","author_link":"https:\/\/www.messinaoggi.it\/website\/author\/admin\/"},"digistream_id":0,"digistream":false,"_links":{"self":[{"href":"https:\/\/www.messinaoggi.it\/website\/wp-json\/wp\/v2\/posts\/95825"}],"collection":[{"href":"https:\/\/www.messinaoggi.it\/website\/wp-json\/wp\/v2\/posts"}],"about":[{"href":"https:\/\/www.messinaoggi.it\/website\/wp-json\/wp\/v2\/types\/post"}],"author":[{"embeddable":true,"href":"https:\/\/www.messinaoggi.it\/website\/wp-json\/wp\/v2\/users\/18"}],"replies":[{"embeddable":true,"href":"https:\/\/www.messinaoggi.it\/website\/wp-json\/wp\/v2\/comments?post=95825"}],"version-history":[{"count":1,"href":"https:\/\/www.messinaoggi.it\/website\/wp-json\/wp\/v2\/posts\/95825\/revisions"}],"predecessor-version":[{"id":95833,"href":"https:\/\/www.messinaoggi.it\/website\/wp-json\/wp\/v2\/posts\/95825\/revisions\/95833"}],"wp:featuredmedia":[{"embeddable":true,"href":"https:\/\/www.messinaoggi.it\/website\/wp-json\/wp\/v2\/media\/95826"}],"wp:attachment":[{"href":"https:\/\/www.messinaoggi.it\/website\/wp-json\/wp\/v2\/media?parent=95825"}],"wp:term":[{"taxonomy":"category","embeddable":true,"href":"https:\/\/www.messinaoggi.it\/website\/wp-json\/wp\/v2\/categories?post=95825"},{"taxonomy":"post_tag","embeddable":true,"href":"https:\/\/www.messinaoggi.it\/website\/wp-json\/wp\/v2\/tags?post=95825"}],"curies":[{"name":"wp","href":"https:\/\/api.w.org\/{rel}","templated":true}]}}