{"id":95817,"date":"2022-02-03T00:07:34","date_gmt":"2022-02-02T23:07:34","guid":{"rendered":"https:\/\/www.messinaoggi.it\/website\/2022\/02\/02\/green-pass-speranza-no-limiti-vigenza-dopo-la-dose-booster\/"},"modified":"2022-02-03T06:58:43","modified_gmt":"2022-02-03T05:58:43","slug":"green-pass-speranza-no-limiti-vigenza-dopo-la-dose-booster","status":"publish","type":"post","link":"https:\/\/www.messinaoggi.it\/website\/2022\/02\/03\/green-pass-speranza-no-limiti-vigenza-dopo-la-dose-booster\/","title":{"rendered":"Green pass, Speranza \u201cNo limiti vigenza dopo la dose booster\u201d"},"content":{"rendered":"<div>ROMA (ITALPRESS) &#8211; &#8220;Prolunghiamo la vigenza del green pass dopo il booster, la vigenza oggi \u00e8 di 6 mesi, la valutazione del governo ad oggi \u00e8 di non porre limiti dopo il booster. Questa \u00e8 una norma rilevante che incide molto sulle persone&#8221;. Lo ha detto il ministro della Salute, Roberto Speranza, in conferenza stampa al termine del Cdm. &#8220;Se ci saranno le zone rosse, le limitazioni ad essa connesse non riguarderanno la popolazione vaccinata&#8221;, ha aggiunto. &#8220;Sulla scuola facciamo scelte forti che danno il senso della nuova fase che stiamo vivendo. E&#8217; bello che si parte proprio dalla scuola, perch\u00e8 \u00e8 il cuore del nostro Paese e se dobbiamo far qualcosa dobbiamo farlo nelle scuole. Lavoriamo per ridurre il pi\u00f9 possibile la dad. Decidiamo che i vaccinati non andranno pi\u00f9 in dad, riteniamo sia giusto che chi si sia vaccinato la possa evitare, nei pochi casi di classi che ricominceranno ad andare in dad di limitare lo spazio temporale da 10 a 5 giorni&#8221;, ha spiegato Speranza. Per il ministro &#8220;vaccini sono lo strumento fondamentale che ci sta consentendo di aprire una fase nuova, stanno piegando la curva e non abbiamo fatto scelte di limitazioni significative. Il vaccino \u00e8 il pi\u00f9 grande strumento di libert\u00e0 e ci ha consentito di evitare chiusure&#8221;.<br \/>(ITALPRESS).<\/div>\n<div id=\"div-gpt-ad-Messinaoggi.it-DSK-300x250-corpoart\" style=\"text-align:center;margin:0 auto;\"><\/div><\/p><div id=\"videoincontent\" style=\"clear:both\";><\/div>","protected":false},"excerpt":{"rendered":"<p>ROMA (ITALPRESS) &#8211; &#8220;Prolunghiamo la vigenza del green pass dopo il booster, la vigenza oggi \u00e8 di 6 mesi, la valutazione del governo ad oggi \u00e8 di non porre limiti dopo il booster. Questa \u00e8 una norma rilevante che incide molto sulle persone&#8221;. Lo ha detto il ministro della Salute, Roberto Speranza, in conferenza stampa [&hellip;]<\/p>\n","protected":false},"author":18,"featured_media":95818,"comment_status":"closed","ping_status":"closed","sticky":false,"template":"","format":"standard","meta":{"ub_ctt_via":"","_mi_skip_tracking":false},"categories":[221,446],"tags":[783],"featured_image_src":"https:\/\/www.messinaoggi.it\/website\/wp-content\/uploads\/2022\/02\/20220202_2053.jpg","author_info":{"display_name":"Admin","author_link":"https:\/\/www.messinaoggi.it\/website\/author\/admin\/"},"digistream_id":0,"digistream":false,"_links":{"self":[{"href":"https:\/\/www.messinaoggi.it\/website\/wp-json\/wp\/v2\/posts\/95817"}],"collection":[{"href":"https:\/\/www.messinaoggi.it\/website\/wp-json\/wp\/v2\/posts"}],"about":[{"href":"https:\/\/www.messinaoggi.it\/website\/wp-json\/wp\/v2\/types\/post"}],"author":[{"embeddable":true,"href":"https:\/\/www.messinaoggi.it\/website\/wp-json\/wp\/v2\/users\/18"}],"replies":[{"embeddable":true,"href":"https:\/\/www.messinaoggi.it\/website\/wp-json\/wp\/v2\/comments?post=95817"}],"version-history":[{"count":1,"href":"https:\/\/www.messinaoggi.it\/website\/wp-json\/wp\/v2\/posts\/95817\/revisions"}],"predecessor-version":[{"id":95834,"href":"https:\/\/www.messinaoggi.it\/website\/wp-json\/wp\/v2\/posts\/95817\/revisions\/95834"}],"wp:featuredmedia":[{"embeddable":true,"href":"https:\/\/www.messinaoggi.it\/website\/wp-json\/wp\/v2\/media\/95818"}],"wp:attachment":[{"href":"https:\/\/www.messinaoggi.it\/website\/wp-json\/wp\/v2\/media?parent=95817"}],"wp:term":[{"taxonomy":"category","embeddable":true,"href":"https:\/\/www.messinaoggi.it\/website\/wp-json\/wp\/v2\/categories?post=95817"},{"taxonomy":"post_tag","embeddable":true,"href":"https:\/\/www.messinaoggi.it\/website\/wp-json\/wp\/v2\/tags?post=95817"}],"curies":[{"name":"wp","href":"https:\/\/api.w.org\/{rel}","templated":true}]}}