{"id":95800,"date":"2022-02-02T19:07:48","date_gmt":"2022-02-02T18:07:48","guid":{"rendered":"https:\/\/www.messinaoggi.it\/website\/2022\/02\/02\/covid-draghi-dal-governo-misure-per-una-maggiore-riapertura\/"},"modified":"2022-02-02T19:07:48","modified_gmt":"2022-02-02T18:07:48","slug":"covid-draghi-dal-governo-misure-per-una-maggiore-riapertura","status":"publish","type":"post","link":"https:\/\/www.messinaoggi.it\/website\/2022\/02\/02\/covid-draghi-dal-governo-misure-per-una-maggiore-riapertura\/","title":{"rendered":"Covid, Draghi \u201cDal Governo misure per una maggiore riapertura\u201d"},"content":{"rendered":"<div>ROMA (ITALPRESS) &#8211; &#8220;I provvedimenti di oggi vanno nella direzione di una ancora maggiore riapertura del Paese. Oggi ci occupiamo della scuola in presenza, che \u00e8 da sempre la priorit\u00e0 di questo governo&#8221;. Lo ha detto il premier Mario Draghi, nel suo intervento introduttivo in Consiglio dei Ministri.<br \/>&#8220;Veniamo incontro alle esigenze delle famiglie, che trovano il regime attuale delle quarantene troppo complicato e restrittivo &#8211; ha aggiunto Draghi -. Vogliamo limitare di molto l&#8217;uso della didattica a distanza, per permettere a un numero sempre maggiore dei nostri bambini e ragazzi di andare in classe. Oltre alla scuola, tra i provvedimenti di oggi c&#8217;\u00e8 la decisione di eliminare le restrizioni, anche in zona rossa, per chi \u00e8 vaccinato. Inoltre, la validit\u00e0 del green pass per chi ha tre dosi &#8211; oppure due dosi e ha gi\u00e0 avuto il Covid &#8211; diverr\u00e0 indefinita. Nelle prossime settimane andremo avanti su questo percorso di riapertura. Sulla base dell&#8217;evidenza scientifica, e continuando a seguire l&#8217;andamento della curva epidemiologica, annunceremo un calendario di superamento delle restrizioni vigenti. I dati sulle vaccinazioni sono molto incoraggianti. Vogliamo un Italia sempre pi\u00f9 aperta, soprattutto per i nostri ragazzi&#8221;.<br \/>(ITALPRESS).<\/div>\n<div id=\"div-gpt-ad-Messinaoggi.it-DSK-300x250-corpoart\" style=\"text-align:center;margin:0 auto;\"><\/div><\/p><div id=\"videoincontent\" style=\"clear:both\";><\/div>","protected":false},"excerpt":{"rendered":"<p>ROMA (ITALPRESS) &#8211; &#8220;I provvedimenti di oggi vanno nella direzione di una ancora maggiore riapertura del Paese. Oggi ci occupiamo della scuola in presenza, che \u00e8 da sempre la priorit\u00e0 di questo governo&#8221;. Lo ha detto il premier Mario Draghi, nel suo intervento introduttivo in Consiglio dei Ministri.&#8220;Veniamo incontro alle esigenze delle famiglie, che trovano [&hellip;]<\/p>\n","protected":false},"author":18,"featured_media":95801,"comment_status":"closed","ping_status":"closed","sticky":false,"template":"","format":"standard","meta":{"ub_ctt_via":"","_mi_skip_tracking":false},"categories":[446],"tags":[783],"featured_image_src":"https:\/\/www.messinaoggi.it\/website\/wp-content\/uploads\/2022\/02\/20220202_1697.jpg","author_info":{"display_name":"Admin","author_link":"https:\/\/www.messinaoggi.it\/website\/author\/admin\/"},"digistream_id":0,"digistream":false,"_links":{"self":[{"href":"https:\/\/www.messinaoggi.it\/website\/wp-json\/wp\/v2\/posts\/95800"}],"collection":[{"href":"https:\/\/www.messinaoggi.it\/website\/wp-json\/wp\/v2\/posts"}],"about":[{"href":"https:\/\/www.messinaoggi.it\/website\/wp-json\/wp\/v2\/types\/post"}],"author":[{"embeddable":true,"href":"https:\/\/www.messinaoggi.it\/website\/wp-json\/wp\/v2\/users\/18"}],"replies":[{"embeddable":true,"href":"https:\/\/www.messinaoggi.it\/website\/wp-json\/wp\/v2\/comments?post=95800"}],"version-history":[{"count":0,"href":"https:\/\/www.messinaoggi.it\/website\/wp-json\/wp\/v2\/posts\/95800\/revisions"}],"wp:featuredmedia":[{"embeddable":true,"href":"https:\/\/www.messinaoggi.it\/website\/wp-json\/wp\/v2\/media\/95801"}],"wp:attachment":[{"href":"https:\/\/www.messinaoggi.it\/website\/wp-json\/wp\/v2\/media?parent=95800"}],"wp:term":[{"taxonomy":"category","embeddable":true,"href":"https:\/\/www.messinaoggi.it\/website\/wp-json\/wp\/v2\/categories?post=95800"},{"taxonomy":"post_tag","embeddable":true,"href":"https:\/\/www.messinaoggi.it\/website\/wp-json\/wp\/v2\/tags?post=95800"}],"curies":[{"name":"wp","href":"https:\/\/api.w.org\/{rel}","templated":true}]}}