{"id":95629,"date":"2022-02-01T15:02:38","date_gmt":"2022-02-01T14:02:38","guid":{"rendered":"https:\/\/www.messinaoggi.it\/website\/2022\/02\/01\/regionali-sicilia-meloni-incontra-musumeci-ricandidatura-naturale\/"},"modified":"2022-02-01T15:02:38","modified_gmt":"2022-02-01T14:02:38","slug":"regionali-sicilia-meloni-incontra-musumeci-ricandidatura-naturale","status":"publish","type":"post","link":"https:\/\/www.messinaoggi.it\/website\/2022\/02\/01\/regionali-sicilia-meloni-incontra-musumeci-ricandidatura-naturale\/","title":{"rendered":"Regionali Sicilia, Meloni incontra Musumeci \u201cRicandidatura naturale\u201d"},"content":{"rendered":"<div>\n<p>ROMA (ITALPRESS) \u2013 Il presidente di Fratelli d\u2019Italia, Giorgia Meloni, ha incontrato nei giorni scorsi a Roma il presidente della Regione siciliana, Nello Musumeci. Erano presenti il  vicepresidente del Senato Ignazio La Russa, il capogruppo alla Camera Francesco Lollobrigida, il capo dell\u2019organizzazione Giovanni Donzelli, i coordinatori regionali siciliani Salvo Pogliese e Giampiero Cannella e l\u2019assessore regionale Manlio Messina. Al termine dell\u2019incontro, spiega una nota, il vertice di Fratelli d\u2019Italia ha ribadito \u201cl\u2019assoluto apprezzamento dell\u2019operato\u201d del governatore Musumeci. \u201cE considera naturale la sua ricandidatura alla presidenza della Regione\u201d. <br \/>Tra Fratelli d\u2019Italia e Diventerabellissima, il movimento del governatore, \u201csi \u00e8 stabilito sin d\u2019ora un rapporto di costante consultazione per affrontare insieme gli obiettivi prioritari politico-programmatici legati allo sviluppo della Sicilia e del Mezzogiorno d\u2019Italia\u201d, continua la nota. <br \/>Nei prossimi giorni il documento sar\u00e0 presentato alla stampa da Giorgia Meloni e Nello Musumeci. Il vertice ha altres\u00ec auspicato \u201cla unit\u00e0 della coalizione siciliana attorno al presidente uscente per affrontare in un clima di serenit\u00e0 la prossima sfida elettorale che non pu\u00f2 non vedere riconfermata in Sicilia la fiducia al buon governo di questi anni\u201d.<br \/>(ITALPRESS).<div id=\"div-gpt-ad-Messinaoggi.it-DSK-300x250-corpoart\" style=\"text-align:center;margin:0 auto;\"><\/div><\/p>\n<\/div>\n<div id=\"videoincontent\" style=\"clear:both\";><\/div>","protected":false},"excerpt":{"rendered":"<p>ROMA (ITALPRESS) \u2013 Il presidente di Fratelli d\u2019Italia, Giorgia Meloni, ha incontrato nei giorni scorsi a Roma il presidente della Regione siciliana, Nello Musumeci. Erano presenti il vicepresidente del Senato Ignazio La Russa, il capogruppo alla Camera Francesco Lollobrigida, il capo dell\u2019organizzazione Giovanni Donzelli, i coordinatori regionali siciliani Salvo Pogliese e Giampiero Cannella e l\u2019assessore [&hellip;]<\/p>\n","protected":false},"author":18,"featured_media":95630,"comment_status":"closed","ping_status":"closed","sticky":false,"template":"","format":"standard","meta":{"ub_ctt_via":"","_mi_skip_tracking":false},"categories":[2449],"tags":[783],"featured_image_src":"https:\/\/www.messinaoggi.it\/website\/wp-content\/uploads\/2022\/02\/20220201_0972.jpg","author_info":{"display_name":"Admin","author_link":"https:\/\/www.messinaoggi.it\/website\/author\/admin\/"},"digistream_id":0,"digistream":false,"_links":{"self":[{"href":"https:\/\/www.messinaoggi.it\/website\/wp-json\/wp\/v2\/posts\/95629"}],"collection":[{"href":"https:\/\/www.messinaoggi.it\/website\/wp-json\/wp\/v2\/posts"}],"about":[{"href":"https:\/\/www.messinaoggi.it\/website\/wp-json\/wp\/v2\/types\/post"}],"author":[{"embeddable":true,"href":"https:\/\/www.messinaoggi.it\/website\/wp-json\/wp\/v2\/users\/18"}],"replies":[{"embeddable":true,"href":"https:\/\/www.messinaoggi.it\/website\/wp-json\/wp\/v2\/comments?post=95629"}],"version-history":[{"count":0,"href":"https:\/\/www.messinaoggi.it\/website\/wp-json\/wp\/v2\/posts\/95629\/revisions"}],"wp:featuredmedia":[{"embeddable":true,"href":"https:\/\/www.messinaoggi.it\/website\/wp-json\/wp\/v2\/media\/95630"}],"wp:attachment":[{"href":"https:\/\/www.messinaoggi.it\/website\/wp-json\/wp\/v2\/media?parent=95629"}],"wp:term":[{"taxonomy":"category","embeddable":true,"href":"https:\/\/www.messinaoggi.it\/website\/wp-json\/wp\/v2\/categories?post=95629"},{"taxonomy":"post_tag","embeddable":true,"href":"https:\/\/www.messinaoggi.it\/website\/wp-json\/wp\/v2\/tags?post=95629"}],"curies":[{"name":"wp","href":"https:\/\/api.w.org\/{rel}","templated":true}]}}