{"id":95592,"date":"2022-02-01T12:07:34","date_gmt":"2022-02-01T11:07:34","guid":{"rendered":"https:\/\/www.messinaoggi.it\/website\/2022\/02\/01\/m5s-conte-da-di-maio-condotte-molto-gravi\/"},"modified":"2022-02-01T12:07:34","modified_gmt":"2022-02-01T11:07:34","slug":"m5s-conte-da-di-maio-condotte-molto-gravi","status":"publish","type":"post","link":"https:\/\/www.messinaoggi.it\/website\/2022\/02\/01\/m5s-conte-da-di-maio-condotte-molto-gravi\/","title":{"rendered":"M5S, Conte \u201cDa Di Maio condotte molto gravi\u201d"},"content":{"rendered":"<div>ROMA (ITALPRESS) &#8211; &#8220;Di Maio dovr\u00e0 rendere conto di diverse condotte, molto gravi. Ai nostri iscritti e alla nostra comunit\u00e0&#8221;. Lo afferma in un&#8217;intervista al Fatto Quotidiano il presidente del MoVimento 5 Stelle, Giuseppe Conte, in merito alle tensioni dei giorni scorsi sull&#8217;elezione del presidente della Repubblica.<br \/>Riguardo alla mancata elezione di Elisabetta Belloni al Colle, &#8220;non entro nelle motivazioni del Pd &#8211; spiega Conte -. C&#8217;\u00e8 stato un blocco trasversale. Ho preso atto della posizione del Pd. Ma visto l&#8217;accordo con i dem e con LeU, non ho mai pensato di rompere quell&#8217;asse politico per avventurarmi in una votazione che si presentava problematica anche nei numeri. Cos\u00ec, al vertice dei partiti di maggioranza di sabato mattina, ho invitato tutti a valutare, ancora, i nomi Belloni e Severino. C&#8217;\u00e8 stato un estremo tentativo di alcuni leader per la candidatura di Marta Cartabia. E io ho spiegato che era un nome su cui dovevo riservarmi un approfondimento interno. Quasi contemporaneamente si \u00e8 appreso dell&#8217;atto di generosit\u00e0 di Mattarella. Poco prima Salvini aveva aperto al suo secondo mandato. Cos\u00ec abbiamo concordato tutti su quella opzione&#8221;.<br \/>Quanto al M5S &#8220;non ho mai lavorato per procurare scissioni. E&#8217; evidente che questo \u00e8 il momento di un chiarimento. Una comunit\u00e0 di donne e uomini, anche nella diversit\u00e0 di opinioni, deve perseguire un&#8217;azione politica in modo coerente e compatto&#8221;, sottolinea l&#8217;ex premier, che spiega &#8220;Stabiliremo tempi e modi per un confronto trasparente&#8221;. E alla domanda se si fidi ancora del leader del Pd, risponde: &#8220;Io mi fido di Letta&#8221;.<br \/>(ITALPRESS).<\/div>\n<div id=\"div-gpt-ad-Messinaoggi.it-DSK-300x250-corpoart\" style=\"text-align:center;margin:0 auto;\"><\/div><\/p><div id=\"videoincontent\" style=\"clear:both\";><\/div>","protected":false},"excerpt":{"rendered":"<p>ROMA (ITALPRESS) &#8211; &#8220;Di Maio dovr\u00e0 rendere conto di diverse condotte, molto gravi. Ai nostri iscritti e alla nostra comunit\u00e0&#8221;. Lo afferma in un&#8217;intervista al Fatto Quotidiano il presidente del MoVimento 5 Stelle, Giuseppe Conte, in merito alle tensioni dei giorni scorsi sull&#8217;elezione del presidente della Repubblica.Riguardo alla mancata elezione di Elisabetta Belloni al Colle, [&hellip;]<\/p>\n","protected":false},"author":18,"featured_media":95593,"comment_status":"closed","ping_status":"closed","sticky":false,"template":"","format":"standard","meta":{"ub_ctt_via":"","_mi_skip_tracking":false},"categories":[446],"tags":[783],"featured_image_src":"https:\/\/www.messinaoggi.it\/website\/wp-content\/uploads\/2022\/02\/20220201_0441.jpg","author_info":{"display_name":"Admin","author_link":"https:\/\/www.messinaoggi.it\/website\/author\/admin\/"},"digistream_id":0,"digistream":false,"_links":{"self":[{"href":"https:\/\/www.messinaoggi.it\/website\/wp-json\/wp\/v2\/posts\/95592"}],"collection":[{"href":"https:\/\/www.messinaoggi.it\/website\/wp-json\/wp\/v2\/posts"}],"about":[{"href":"https:\/\/www.messinaoggi.it\/website\/wp-json\/wp\/v2\/types\/post"}],"author":[{"embeddable":true,"href":"https:\/\/www.messinaoggi.it\/website\/wp-json\/wp\/v2\/users\/18"}],"replies":[{"embeddable":true,"href":"https:\/\/www.messinaoggi.it\/website\/wp-json\/wp\/v2\/comments?post=95592"}],"version-history":[{"count":0,"href":"https:\/\/www.messinaoggi.it\/website\/wp-json\/wp\/v2\/posts\/95592\/revisions"}],"wp:featuredmedia":[{"embeddable":true,"href":"https:\/\/www.messinaoggi.it\/website\/wp-json\/wp\/v2\/media\/95593"}],"wp:attachment":[{"href":"https:\/\/www.messinaoggi.it\/website\/wp-json\/wp\/v2\/media?parent=95592"}],"wp:term":[{"taxonomy":"category","embeddable":true,"href":"https:\/\/www.messinaoggi.it\/website\/wp-json\/wp\/v2\/categories?post=95592"},{"taxonomy":"post_tag","embeddable":true,"href":"https:\/\/www.messinaoggi.it\/website\/wp-json\/wp\/v2\/tags?post=95592"}],"curies":[{"name":"wp","href":"https:\/\/api.w.org\/{rel}","templated":true}]}}