{"id":95579,"date":"2022-02-01T11:07:36","date_gmt":"2022-02-01T10:07:36","guid":{"rendered":"https:\/\/www.messinaoggi.it\/website\/2022\/02\/01\/malago-positivo-al-covid-a-pechino\/"},"modified":"2022-02-01T11:07:36","modified_gmt":"2022-02-01T10:07:36","slug":"malago-positivo-al-covid-a-pechino","status":"publish","type":"post","link":"https:\/\/www.messinaoggi.it\/website\/2022\/02\/01\/malago-positivo-al-covid-a-pechino\/","title":{"rendered":"Malag\u00f2 positivo al Covid a Pechino"},"content":{"rendered":"<div>ROMA (ITALPRESS) &#8211; &#8220;Questa mattina il presidente del Coni, Giovanni Malag\u00f2, \u00e8 stato trovato positivo ad un test effettuato nel suo albergo. Il presidente Malag\u00f2, che \u00e8 totalmente asintomatico, \u00e8 stato isolato sotto osservazione medica in una struttura dedicata, dove gi\u00e0 ci sono altri membri del Cio, in base alle regole previste dal Playbook del Cio, al fine di proteggere gli altri partecipanti ai Giochi e la popolazione cinese&#8221;. Lo rende noto il Coni. Il numero 1 dello sport italiano \u00e8 a Pechino per le Olimpiadi invernali. &#8220;Malag\u00f2 ha ricevuto la telefonata del presidente del Cio, Thomas Bach, che si \u00e8 detto dispiaciuto di questo inconveniente e gli ha augurato una pronta guarigione&#8221;, aggiunge il Coni.<br \/>(ITALPRESS).<\/div>\n<div id=\"div-gpt-ad-Messinaoggi.it-DSK-300x250-corpoart\" style=\"text-align:center;margin:0 auto;\"><\/div><\/p><div id=\"videoincontent\" style=\"clear:both\";><\/div>","protected":false},"excerpt":{"rendered":"<p>ROMA (ITALPRESS) &#8211; &#8220;Questa mattina il presidente del Coni, Giovanni Malag\u00f2, \u00e8 stato trovato positivo ad un test effettuato nel suo albergo. Il presidente Malag\u00f2, che \u00e8 totalmente asintomatico, \u00e8 stato isolato sotto osservazione medica in una struttura dedicata, dove gi\u00e0 ci sono altri membri del Cio, in base alle regole previste dal Playbook del [&hellip;]<\/p>\n","protected":false},"author":18,"featured_media":95580,"comment_status":"closed","ping_status":"closed","sticky":false,"template":"","format":"standard","meta":{"ub_ctt_via":"","_mi_skip_tracking":false},"categories":[446],"tags":[783],"featured_image_src":"https:\/\/www.messinaoggi.it\/website\/wp-content\/uploads\/2022\/02\/20220201_0300.jpg","author_info":{"display_name":"Admin","author_link":"https:\/\/www.messinaoggi.it\/website\/author\/admin\/"},"digistream_id":0,"digistream":false,"_links":{"self":[{"href":"https:\/\/www.messinaoggi.it\/website\/wp-json\/wp\/v2\/posts\/95579"}],"collection":[{"href":"https:\/\/www.messinaoggi.it\/website\/wp-json\/wp\/v2\/posts"}],"about":[{"href":"https:\/\/www.messinaoggi.it\/website\/wp-json\/wp\/v2\/types\/post"}],"author":[{"embeddable":true,"href":"https:\/\/www.messinaoggi.it\/website\/wp-json\/wp\/v2\/users\/18"}],"replies":[{"embeddable":true,"href":"https:\/\/www.messinaoggi.it\/website\/wp-json\/wp\/v2\/comments?post=95579"}],"version-history":[{"count":0,"href":"https:\/\/www.messinaoggi.it\/website\/wp-json\/wp\/v2\/posts\/95579\/revisions"}],"wp:featuredmedia":[{"embeddable":true,"href":"https:\/\/www.messinaoggi.it\/website\/wp-json\/wp\/v2\/media\/95580"}],"wp:attachment":[{"href":"https:\/\/www.messinaoggi.it\/website\/wp-json\/wp\/v2\/media?parent=95579"}],"wp:term":[{"taxonomy":"category","embeddable":true,"href":"https:\/\/www.messinaoggi.it\/website\/wp-json\/wp\/v2\/categories?post=95579"},{"taxonomy":"post_tag","embeddable":true,"href":"https:\/\/www.messinaoggi.it\/website\/wp-json\/wp\/v2\/tags?post=95579"}],"curies":[{"name":"wp","href":"https:\/\/api.w.org\/{rel}","templated":true}]}}