{"id":95477,"date":"2022-01-31T11:10:29","date_gmt":"2022-01-31T10:10:29","guid":{"rendered":"http:\/\/www.messinaoggi.it\/website\/?p=95477"},"modified":"2022-01-31T11:10:31","modified_gmt":"2022-01-31T10:10:31","slug":"vandalizzato-listituto-san-francesco-di-paola-danni-al-materiale-didattico-e-urina-sui-banchi","status":"publish","type":"post","link":"https:\/\/www.messinaoggi.it\/website\/2022\/01\/31\/vandalizzato-listituto-san-francesco-di-paola-danni-al-materiale-didattico-e-urina-sui-banchi\/","title":{"rendered":"Vandalizzato l\u2019istituto San Francesco di Paola: danni al materiale didattico e urina sui banchi"},"content":{"rendered":"\n<p>Vandali in azione questa notte all&#8217;Istituto San Francesco di Paola. Il Consigliere della V Circoscrizione Franco Laimo, immediatamente contattato dalla Dirigente dell&#8217;Istituto Prof.ssa Giovanna Messina, ha reso noto che questa notte \u00e8 stato danneggiato il materiale didattico dell\u2019istituto, ma non solo. Sono state compiute \u201cazioni indegne e indecorose, come urinare sui banchi dei piccoli discenti; a quanto pare i danni maggiori si sono rilevati proprio nell&#8217;ala dell&#8217;infanzia frequentata dai 3 a 5 anni\u201d, spiega Laimo.<div id=\"div-gpt-ad-Messinaoggi.it-DSK-300x250-corpoart\" style=\"text-align:center;margin:0 auto;\"><\/div><\/p>\n\n\n\n<p>Sul luogo la scientifica che sta rilevando le tracce lasciate dai malfattori. Secondo il Consigliere Laimo, occorre fare qualcosa di concreto, necessario maggior controllo delle forze dell&#8217;ordine nelle ore notturne in un&#8217;area che se nelle ore diurne \u00e8 molto frequentata, (non lo \u00e8 in quelle notturne); inoltre si necessita di un impianto di videosorveglianza. \u201cOccorre inoltre intervenire ed insistere sul sociale, tali atti sono figli di disagio socioculturale. &#8211; aggiunge Laimo &#8211; Purtroppo non \u00e8 la prima volta che l&#8217;istituto San Francesco di Paola non sia mira di tali atti vandalici, gi\u00e0 colpito pi\u00f9 volte in passato\u201d.<div id=\"videoincontent\" style=\"clear:both\";><\/div><\/p>\n","protected":false},"excerpt":{"rendered":"<p>Vandali in azione questa notte all&#8217;Istituto San Francesco di Paola. Il Consigliere della V Circoscrizione Franco Laimo, immediatamente contattato dalla Dirigente dell&#8217;Istituto Prof.ssa Giovanna Messina, ha reso noto che questa notte \u00e8 stato danneggiato il materiale didattico dell\u2019istituto, ma non solo. Sono state compiute \u201cazioni indegne e indecorose, come urinare sui banchi dei piccoli discenti; [&hellip;]<\/p>\n","protected":false},"author":8,"featured_media":35588,"comment_status":"open","ping_status":"open","sticky":false,"template":"","format":"standard","meta":{"ub_ctt_via":"","_mi_skip_tracking":false},"categories":[6],"tags":[3930,3897],"featured_image_src":"https:\/\/www.messinaoggi.it\/website\/wp-content\/uploads\/2019\/07\/scuola-San-Francesco-di-Paola.jpg","author_info":{"display_name":"red..me","author_link":"https:\/\/www.messinaoggi.it\/website\/author\/redstage\/"},"digistream_id":0,"digistream":false,"_links":{"self":[{"href":"https:\/\/www.messinaoggi.it\/website\/wp-json\/wp\/v2\/posts\/95477"}],"collection":[{"href":"https:\/\/www.messinaoggi.it\/website\/wp-json\/wp\/v2\/posts"}],"about":[{"href":"https:\/\/www.messinaoggi.it\/website\/wp-json\/wp\/v2\/types\/post"}],"author":[{"embeddable":true,"href":"https:\/\/www.messinaoggi.it\/website\/wp-json\/wp\/v2\/users\/8"}],"replies":[{"embeddable":true,"href":"https:\/\/www.messinaoggi.it\/website\/wp-json\/wp\/v2\/comments?post=95477"}],"version-history":[{"count":1,"href":"https:\/\/www.messinaoggi.it\/website\/wp-json\/wp\/v2\/posts\/95477\/revisions"}],"predecessor-version":[{"id":95478,"href":"https:\/\/www.messinaoggi.it\/website\/wp-json\/wp\/v2\/posts\/95477\/revisions\/95478"}],"wp:featuredmedia":[{"embeddable":true,"href":"https:\/\/www.messinaoggi.it\/website\/wp-json\/wp\/v2\/media\/35588"}],"wp:attachment":[{"href":"https:\/\/www.messinaoggi.it\/website\/wp-json\/wp\/v2\/media?parent=95477"}],"wp:term":[{"taxonomy":"category","embeddable":true,"href":"https:\/\/www.messinaoggi.it\/website\/wp-json\/wp\/v2\/categories?post=95477"},{"taxonomy":"post_tag","embeddable":true,"href":"https:\/\/www.messinaoggi.it\/website\/wp-json\/wp\/v2\/tags?post=95477"}],"curies":[{"name":"wp","href":"https:\/\/api.w.org\/{rel}","templated":true}]}}