{"id":95419,"date":"2022-01-30T13:07:32","date_gmt":"2022-01-30T12:07:32","guid":{"rendered":"https:\/\/www.messinaoggi.it\/website\/2022\/01\/30\/covid-papa-spero-che-presto-riusciremo-a-superare-la-prova\/"},"modified":"2022-01-30T13:07:32","modified_gmt":"2022-01-30T12:07:32","slug":"covid-papa-spero-che-presto-riusciremo-a-superare-la-prova","status":"publish","type":"post","link":"https:\/\/www.messinaoggi.it\/website\/2022\/01\/30\/covid-papa-spero-che-presto-riusciremo-a-superare-la-prova\/","title":{"rendered":"Covid, Papa \u201cSpero che presto riusciremo a superare la prova\u201d"},"content":{"rendered":"<div>ROMA (ITALPRESS) &#8211; &#8220;Il 1\u00b0 febbraio in tutto l&#8217;Estremo Oriente e in varie parti del mondo si celebra il capodanno lunare. Esprimo l&#8217;augurio che tutti possano godere pace, salute e una vita serena. Molte famiglie non riusciranno a riunirsi a causa della pandemia, spero che presto potremo superare la prova&#8221;. Lo ha detto Papa Francesco durante la recita dell&#8217;Angelus al Vaticano, ricordando anche la ricorrenza della Giornata Mondiale dei malatti di lebbra (&#8220;E&#8217; necessario lavorare insieme alla piena integrazione di queste persone superando ogni discriminazione associata a un morbo che purtroppo colpisce ancora tanti&#8221;) e rivolgendo un saluto a Salesiani e Salesiane alla vigilia della festa di San Giovanni Bosco: &#8220;Non si \u00e8 chiuso in sagrestia, \u00e8 uscito sulla strada e a cercare i giovani con quella sua creativit\u00e0 caratteristica&#8221;.   <br \/>(ITALPRESS).<\/div>\n<div id=\"div-gpt-ad-Messinaoggi.it-DSK-300x250-corpoart\" style=\"text-align:center;margin:0 auto;\"><\/div><\/p><div id=\"videoincontent\" style=\"clear:both\";><\/div>","protected":false},"excerpt":{"rendered":"<p>ROMA (ITALPRESS) &#8211; &#8220;Il 1\u00b0 febbraio in tutto l&#8217;Estremo Oriente e in varie parti del mondo si celebra il capodanno lunare. Esprimo l&#8217;augurio che tutti possano godere pace, salute e una vita serena. Molte famiglie non riusciranno a riunirsi a causa della pandemia, spero che presto potremo superare la prova&#8221;. Lo ha detto Papa Francesco [&hellip;]<\/p>\n","protected":false},"author":18,"featured_media":95420,"comment_status":"closed","ping_status":"closed","sticky":false,"template":"","format":"standard","meta":{"ub_ctt_via":"","_mi_skip_tracking":false},"categories":[446],"tags":[783],"featured_image_src":"https:\/\/www.messinaoggi.it\/website\/wp-content\/uploads\/2022\/01\/20220130_0179.jpg","author_info":{"display_name":"Admin","author_link":"https:\/\/www.messinaoggi.it\/website\/author\/admin\/"},"digistream_id":0,"digistream":false,"_links":{"self":[{"href":"https:\/\/www.messinaoggi.it\/website\/wp-json\/wp\/v2\/posts\/95419"}],"collection":[{"href":"https:\/\/www.messinaoggi.it\/website\/wp-json\/wp\/v2\/posts"}],"about":[{"href":"https:\/\/www.messinaoggi.it\/website\/wp-json\/wp\/v2\/types\/post"}],"author":[{"embeddable":true,"href":"https:\/\/www.messinaoggi.it\/website\/wp-json\/wp\/v2\/users\/18"}],"replies":[{"embeddable":true,"href":"https:\/\/www.messinaoggi.it\/website\/wp-json\/wp\/v2\/comments?post=95419"}],"version-history":[{"count":0,"href":"https:\/\/www.messinaoggi.it\/website\/wp-json\/wp\/v2\/posts\/95419\/revisions"}],"wp:featuredmedia":[{"embeddable":true,"href":"https:\/\/www.messinaoggi.it\/website\/wp-json\/wp\/v2\/media\/95420"}],"wp:attachment":[{"href":"https:\/\/www.messinaoggi.it\/website\/wp-json\/wp\/v2\/media?parent=95419"}],"wp:term":[{"taxonomy":"category","embeddable":true,"href":"https:\/\/www.messinaoggi.it\/website\/wp-json\/wp\/v2\/categories?post=95419"},{"taxonomy":"post_tag","embeddable":true,"href":"https:\/\/www.messinaoggi.it\/website\/wp-json\/wp\/v2\/tags?post=95419"}],"curies":[{"name":"wp","href":"https:\/\/api.w.org\/{rel}","templated":true}]}}