{"id":95409,"date":"2022-01-30T09:07:32","date_gmt":"2022-01-30T08:07:32","guid":{"rendered":"https:\/\/www.messinaoggi.it\/website\/2022\/01\/30\/meloni-ricostruiremo-il-centrodestra\/"},"modified":"2022-01-30T09:07:32","modified_gmt":"2022-01-30T08:07:32","slug":"meloni-ricostruiremo-il-centrodestra","status":"publish","type":"post","link":"https:\/\/www.messinaoggi.it\/website\/2022\/01\/30\/meloni-ricostruiremo-il-centrodestra\/","title":{"rendered":"Meloni \u201cRicostruiremo il centrodestra\u201d"},"content":{"rendered":"<div>ROMA (ITALPRESS) &#8211;  Il centrodestra &#8220;va ricostruito. Non mi dimentico che nella Nazione milioni di elettori lo chiedono. Inizio dal mio partito, percepisco la solitudine di tanta gente che non ha compreso, che non voleva finisse cos\u00ec&#8221;. Lo dice la leader di Fdi, Giorgia Meloni, in un&#8217;intervista al Corriere della Sera, in merito a quanto accaduto per l&#8217;elezione del Capo dello Stato. &#8220;Avevamo i numeri, come maggioranza relativa &#8211; aggiunge &#8211; almeno per dare le carte. Ma nella coalizione molti non lo hanno voluto. I centristi di Cambiamo lo hanno in pratica dichiarato, una parte di Forza Italia non lo voleva\u00bb.<br \/>Meloni spiega che &#8220;noi non siamo solo destra, siamo conservatori, e non di poltrone, come altri&#8230; FdI ha gi\u00e0 allargato il suo campo d&#8217;azione. E i &#8220;centristi&#8221; non sono una cosa a s\u00e8. In tutte le grandi democrazie c&#8217;\u00e8 un partito conservatore e uno progressista, in cui ci sono esponenti che vanno da un estremo all&#8217;altro dello schieramento. Quello che negli altri Paesi non esiste \u00e8 un &#8216;centr\u00f2 trasformista, che pu\u00f2 formarsi col proporzionale, spregiudicato e pronto a stare ovunque dove si governa. Questo non pu\u00f2 esserci nel nuovo centrodestra che ricostruiremo&#8221;. <br \/>(ITALPRESS).<\/div>\n<div id=\"div-gpt-ad-Messinaoggi.it-DSK-300x250-corpoart\" style=\"text-align:center;margin:0 auto;\"><\/div><\/p><div id=\"videoincontent\" style=\"clear:both\";><\/div>","protected":false},"excerpt":{"rendered":"<p>ROMA (ITALPRESS) &#8211; Il centrodestra &#8220;va ricostruito. Non mi dimentico che nella Nazione milioni di elettori lo chiedono. Inizio dal mio partito, percepisco la solitudine di tanta gente che non ha compreso, che non voleva finisse cos\u00ec&#8221;. Lo dice la leader di Fdi, Giorgia Meloni, in un&#8217;intervista al Corriere della Sera, in merito a quanto [&hellip;]<\/p>\n","protected":false},"author":18,"featured_media":95410,"comment_status":"closed","ping_status":"closed","sticky":false,"template":"","format":"standard","meta":{"ub_ctt_via":"","_mi_skip_tracking":false},"categories":[446],"tags":[783],"featured_image_src":"https:\/\/www.messinaoggi.it\/website\/wp-content\/uploads\/2022\/01\/20220130_0080.jpg","author_info":{"display_name":"Admin","author_link":"https:\/\/www.messinaoggi.it\/website\/author\/admin\/"},"digistream_id":0,"digistream":false,"_links":{"self":[{"href":"https:\/\/www.messinaoggi.it\/website\/wp-json\/wp\/v2\/posts\/95409"}],"collection":[{"href":"https:\/\/www.messinaoggi.it\/website\/wp-json\/wp\/v2\/posts"}],"about":[{"href":"https:\/\/www.messinaoggi.it\/website\/wp-json\/wp\/v2\/types\/post"}],"author":[{"embeddable":true,"href":"https:\/\/www.messinaoggi.it\/website\/wp-json\/wp\/v2\/users\/18"}],"replies":[{"embeddable":true,"href":"https:\/\/www.messinaoggi.it\/website\/wp-json\/wp\/v2\/comments?post=95409"}],"version-history":[{"count":0,"href":"https:\/\/www.messinaoggi.it\/website\/wp-json\/wp\/v2\/posts\/95409\/revisions"}],"wp:featuredmedia":[{"embeddable":true,"href":"https:\/\/www.messinaoggi.it\/website\/wp-json\/wp\/v2\/media\/95410"}],"wp:attachment":[{"href":"https:\/\/www.messinaoggi.it\/website\/wp-json\/wp\/v2\/media?parent=95409"}],"wp:term":[{"taxonomy":"category","embeddable":true,"href":"https:\/\/www.messinaoggi.it\/website\/wp-json\/wp\/v2\/categories?post=95409"},{"taxonomy":"post_tag","embeddable":true,"href":"https:\/\/www.messinaoggi.it\/website\/wp-json\/wp\/v2\/tags?post=95409"}],"curies":[{"name":"wp","href":"https:\/\/api.w.org\/{rel}","templated":true}]}}