{"id":95397,"date":"2022-01-29T22:07:32","date_gmt":"2022-01-29T21:07:32","guid":{"rendered":"https:\/\/www.messinaoggi.it\/website\/2022\/01\/29\/sport-esulta-mattarella-sempre-vicino-al-nostro-mondo\/"},"modified":"2022-01-29T22:07:32","modified_gmt":"2022-01-29T21:07:32","slug":"sport-esulta-mattarella-sempre-vicino-al-nostro-mondo","status":"publish","type":"post","link":"https:\/\/www.messinaoggi.it\/website\/2022\/01\/29\/sport-esulta-mattarella-sempre-vicino-al-nostro-mondo\/","title":{"rendered":"Sport esulta \u201cMattarella sempre vicino al nostro mondo\u201d"},"content":{"rendered":"<div>ROMA (ITALPRESS) &#8211; Quando lo scorso 23 dicembre ha consegnato la bandiera a Sofia Goggia e Giacomo Bertagnolli in vista della cerimonia di apertura dei Giochi Invernali di Pechino, Sergio Mattarella pensava di essere alla sua ultima uscita &#8216;sportiv\u00e0 da presidente della Repubblica. Non sar\u00e0 cos\u00ec, per la felicit\u00e0 di un mondo che ha in questi sette anni ha avuto nel Capo dello Stato un punto di riferimento costante. Fra i primi a congratularsi con Mattarella il numero uno del Coni, Giovanni Malag\u00f2: &#8220;Nelle scorse settimane avevo pubblicamente sottolineato che sarebbe stato difficile immaginare un Capo dello Stato pi\u00f9 vicino al nostro mondo di quanto lo sia stato lui e per questo accogliamo la sua conferma con grande felicit\u00e0, ricordando il sostegno che ha sempre manifestato nei confronti del movimento sportivo, insieme alla sensibilit\u00e0 e all&#8217;incoraggiamento, discreto ma costante, riservato alle campionesse e ai campioni che fanno grande l&#8217;Italia nel mondo con i loro successi. La statura politica, morale e valoriale di Mattarella \u00e8 una garanzia per il Paese che ha rappresentato con classe in ogni sede, riuscendo ad esprimerne con autorevolezza l&#8217;identit\u00e0 pi\u00f9 nobile. Felici di avere ancora lui come nostro primo tifoso&#8221;.<br \/>Il numero 1 della Federcalcio, Gabriele Gravina, ha condiviso la gioia del trionfo agli Europei con il presidente della Repubblica, ma al di l\u00e0 dello straordinario risultato, il massimo dirigente del calcio italiano considera Mattarella &#8220;un dono per il Paese e per lo sport italiano. Personalit\u00e0 di altissimo spessore, interprete e custode dell&#8217;Italia migliore. Abbiamo avuto modo di condividere tante gioie che speriamo di poter rivivere nell&#8217;immediato futuro insieme a tutti gli italiani. Buon lavoro Presidente&#8221;, le parole di Gravina.<br \/>&#8220;Grazie Presidente Mattarella per aver accettato, con dedizione e spirito di servizio, di continuare a guidare il Paese &#8211; gli auguri di Luca Pancalli, presidente del Cip &#8211; Una bella notizia per l&#8217;Italia, ma anche per lo sport italiano e il movimento paralimpico che hanno sempre potuto contare sulla sua vicinanza e il suo sostegno&#8221;. Anche Sport e Salute accoglie la rielezione di Sergio Mattarella come una magnifica notizia: &#8220;E&#8217; un amico dello sport di tutti e per tutti, ma, ancora pi\u00f9 importante, un bene prezioso per l&#8217;Italia. Un grande presidente&#8221;, \u00e8 il commento di Vito Cozzoli, presidente e amministratore delegato della societ\u00e0. <br \/>&#8220;Grazie presidente&#8221;, \u00e8 il tweet che gli dedica il sottosegretario allo Sport ed ex fiorettista Valentina Vezzali, &#8220;un uomo di grande valore, esempio di saggezza e senso di responsabilit\u00e0&#8221;, l&#8217;augurio di buon lavoro da parte del Credito Sportivo. E fra le congratulazioni spicca anche quella dell&#8217;Inter, squadra per la quale il presidente della Repubblica non ha mai nascosto le sue simpatie: &#8220;Le auguriamo il meglio per il nuovo mandato. Ovviamente sappiamo che c&#8217;\u00e8 molto da fare, ma tra un impegno e l&#8217;altro se ne avesse opportunit\u00e0 l&#8217;aspettiamo a San Siro!&#8221;.<br \/>(ITALPRESS).<\/div>\n<div id=\"div-gpt-ad-Messinaoggi.it-DSK-300x250-corpoart\" style=\"text-align:center;margin:0 auto;\"><\/div><\/p><div id=\"videoincontent\" style=\"clear:both\";><\/div>","protected":false},"excerpt":{"rendered":"<p>ROMA (ITALPRESS) &#8211; Quando lo scorso 23 dicembre ha consegnato la bandiera a Sofia Goggia e Giacomo Bertagnolli in vista della cerimonia di apertura dei Giochi Invernali di Pechino, Sergio Mattarella pensava di essere alla sua ultima uscita &#8216;sportiv\u00e0 da presidente della Repubblica. Non sar\u00e0 cos\u00ec, per la felicit\u00e0 di un mondo che ha in [&hellip;]<\/p>\n","protected":false},"author":18,"featured_media":95398,"comment_status":"closed","ping_status":"closed","sticky":false,"template":"","format":"standard","meta":{"ub_ctt_via":"","_mi_skip_tracking":false},"categories":[446],"tags":[783],"featured_image_src":"https:\/\/www.messinaoggi.it\/website\/wp-content\/uploads\/2022\/01\/20211021_2154.jpg","author_info":{"display_name":"Admin","author_link":"https:\/\/www.messinaoggi.it\/website\/author\/admin\/"},"digistream_id":0,"digistream":false,"_links":{"self":[{"href":"https:\/\/www.messinaoggi.it\/website\/wp-json\/wp\/v2\/posts\/95397"}],"collection":[{"href":"https:\/\/www.messinaoggi.it\/website\/wp-json\/wp\/v2\/posts"}],"about":[{"href":"https:\/\/www.messinaoggi.it\/website\/wp-json\/wp\/v2\/types\/post"}],"author":[{"embeddable":true,"href":"https:\/\/www.messinaoggi.it\/website\/wp-json\/wp\/v2\/users\/18"}],"replies":[{"embeddable":true,"href":"https:\/\/www.messinaoggi.it\/website\/wp-json\/wp\/v2\/comments?post=95397"}],"version-history":[{"count":0,"href":"https:\/\/www.messinaoggi.it\/website\/wp-json\/wp\/v2\/posts\/95397\/revisions"}],"wp:featuredmedia":[{"embeddable":true,"href":"https:\/\/www.messinaoggi.it\/website\/wp-json\/wp\/v2\/media\/95398"}],"wp:attachment":[{"href":"https:\/\/www.messinaoggi.it\/website\/wp-json\/wp\/v2\/media?parent=95397"}],"wp:term":[{"taxonomy":"category","embeddable":true,"href":"https:\/\/www.messinaoggi.it\/website\/wp-json\/wp\/v2\/categories?post=95397"},{"taxonomy":"post_tag","embeddable":true,"href":"https:\/\/www.messinaoggi.it\/website\/wp-json\/wp\/v2\/tags?post=95397"}],"curies":[{"name":"wp","href":"https:\/\/api.w.org\/{rel}","templated":true}]}}