{"id":95385,"date":"2022-01-29T20:07:38","date_gmt":"2022-01-29T19:07:38","guid":{"rendered":"https:\/\/www.messinaoggi.it\/website\/2022\/01\/29\/gravina-spareggi-mondiali-sono-sereno-ho-fiducia-in-mancini\/"},"modified":"2022-01-29T20:07:38","modified_gmt":"2022-01-29T19:07:38","slug":"gravina-spareggi-mondiali-sono-sereno-ho-fiducia-in-mancini","status":"publish","type":"post","link":"https:\/\/www.messinaoggi.it\/website\/2022\/01\/29\/gravina-spareggi-mondiali-sono-sereno-ho-fiducia-in-mancini\/","title":{"rendered":"Gravina \u201cSpareggi mondiali? Sono sereno, ho fiducia in Mancini\u201d"},"content":{"rendered":"<div>ROMA (ITALPRESS) &#8211; Fiducia per marzo e fiducia in Mancini ma un aiuto da parte dei club farebbe comodo. Nei giorni scorsi la Nazionale si \u00e8 ritrovata a Coverciano per uno stage (&#8220;\u00e8 servito a recuperare quell&#8217;armonia, quell&#8217;atmosfera, quella serenit\u00e0 con l&#8217;azzurro che \u00e8 stato l&#8217;elemento che ha contrassegnato la nostra estate&#8221;), ultimo appuntamento prima dei play-off mondiali che vedranno Chiellini e compagni giocarsi le ultime carte per un posto in Qatar: il 24 marzo arriva la Macedonia a Palermo, in caso di vittoria ci sar\u00e0 da superare quattro giorni dopo una fra Portogallo e Turchia. &#8220;Non sono preoccupato, sono sereno come \u00e8 sereno Mancini e tutto il nostro ambiente &#8211; assicura il presidente della Figc, Gabriele Gravina, ospite di &#8216;Dribbling&#8217; su Rai2 &#8211; Siamo coscienti delle difficolt\u00e0 che andremo ad affrontare, c&#8217;\u00e8 un pizzico di amarezza per aver buttato alle ortiche le due possibilit\u00e0 che abbiamo avuto a Basilea e a Roma contro la Svizzera ma ormai \u00e8 il passato. Abbiamo due partite importanti da affrontare con lo stesso spirito, la stessa determinazione e la stessa umilt\u00e0 con cui abbiamo affrontato tutto il nostro triennio in cui la Nazionale ha battuto ogni record&#8221;. In occasione dello stage, Mancini ha richiamato Balotelli: visti i problemi in attacco, SuperMario potrebbe tornare di moda. &#8220;L&#8217;ho trovato molto bene, \u00e8 sempre un ragazzo straordinario. Non spetta a me giudicare le scelte tecniche ma ho grande fiducia nel nostro mister e so che quando porta avanti un progetto, \u00e8 un progetto che ha una sua validit\u00e0. Sono con Mancini e la scelta di Mario \u00e8 una scelta convinta. Non so se ci sar\u00e0 a marzo, se sar\u00e0 l&#8217;uomo risolutivo, ma sono convinto che Mancini stia valutando tutte le opzioni a sua disposizione. Mario \u00e8 tornato in grande forma, ogni possibilit\u00e0 deve essere valutata. Non dobbiamo lasciare nulla di intentato, abbiamo due appuntamenti importantissimi che non possiamo fallire&#8221;. L&#8217;ipotesi di fermare il campionato per dare al ct pi\u00f9 tempo per preparare gli spareggi \u00e8 gradita ma non si pu\u00f2 ignorare &#8220;un calendario cos\u00ec intasato che impedisce altre valutazioni, ci sono anche delle partite da recuperare. Mi auguro che da qui ad allora si possano trovare delle soluzioni alternative, delle condizioni che possano permettere alla Nazionale e a Mancini di poter almeno testare la squadra qualche giorno in pi\u00f9&#8221;. <br \/>(ITALPRESS).<\/div>\n<div id=\"div-gpt-ad-Messinaoggi.it-DSK-300x250-corpoart\" style=\"text-align:center;margin:0 auto;\"><\/div><\/p><div id=\"videoincontent\" style=\"clear:both\";><\/div>","protected":false},"excerpt":{"rendered":"<p>ROMA (ITALPRESS) &#8211; Fiducia per marzo e fiducia in Mancini ma un aiuto da parte dei club farebbe comodo. Nei giorni scorsi la Nazionale si \u00e8 ritrovata a Coverciano per uno stage (&#8220;\u00e8 servito a recuperare quell&#8217;armonia, quell&#8217;atmosfera, quella serenit\u00e0 con l&#8217;azzurro che \u00e8 stato l&#8217;elemento che ha contrassegnato la nostra estate&#8221;), ultimo appuntamento prima [&hellip;]<\/p>\n","protected":false},"author":18,"featured_media":95386,"comment_status":"closed","ping_status":"closed","sticky":false,"template":"","format":"standard","meta":{"ub_ctt_via":"","_mi_skip_tracking":false},"categories":[446],"tags":[783],"featured_image_src":"https:\/\/www.messinaoggi.it\/website\/wp-content\/uploads\/2022\/01\/20220129_1633.jpg","author_info":{"display_name":"Admin","author_link":"https:\/\/www.messinaoggi.it\/website\/author\/admin\/"},"digistream_id":0,"digistream":false,"_links":{"self":[{"href":"https:\/\/www.messinaoggi.it\/website\/wp-json\/wp\/v2\/posts\/95385"}],"collection":[{"href":"https:\/\/www.messinaoggi.it\/website\/wp-json\/wp\/v2\/posts"}],"about":[{"href":"https:\/\/www.messinaoggi.it\/website\/wp-json\/wp\/v2\/types\/post"}],"author":[{"embeddable":true,"href":"https:\/\/www.messinaoggi.it\/website\/wp-json\/wp\/v2\/users\/18"}],"replies":[{"embeddable":true,"href":"https:\/\/www.messinaoggi.it\/website\/wp-json\/wp\/v2\/comments?post=95385"}],"version-history":[{"count":0,"href":"https:\/\/www.messinaoggi.it\/website\/wp-json\/wp\/v2\/posts\/95385\/revisions"}],"wp:featuredmedia":[{"embeddable":true,"href":"https:\/\/www.messinaoggi.it\/website\/wp-json\/wp\/v2\/media\/95386"}],"wp:attachment":[{"href":"https:\/\/www.messinaoggi.it\/website\/wp-json\/wp\/v2\/media?parent=95385"}],"wp:term":[{"taxonomy":"category","embeddable":true,"href":"https:\/\/www.messinaoggi.it\/website\/wp-json\/wp\/v2\/categories?post=95385"},{"taxonomy":"post_tag","embeddable":true,"href":"https:\/\/www.messinaoggi.it\/website\/wp-json\/wp\/v2\/tags?post=95385"}],"curies":[{"name":"wp","href":"https:\/\/api.w.org\/{rel}","templated":true}]}}