{"id":9536,"date":"2017-10-13T15:15:48","date_gmt":"2017-10-13T13:15:48","guid":{"rendered":"http:\/\/www.messinaoggi.it\/website\/?p=9536"},"modified":"2017-10-13T15:15:48","modified_gmt":"2017-10-13T13:15:48","slug":"gli-studenti-scendono-in-piazza-contro-lalternanza-scuolalavoro","status":"publish","type":"post","link":"https:\/\/www.messinaoggi.it\/website\/2017\/10\/13\/gli-studenti-scendono-in-piazza-contro-lalternanza-scuolalavoro\/","title":{"rendered":"Gli studenti scendono in piazza contro l&#039;Alternanza scuola\/lavoro"},"content":{"rendered":"<p style=\"text-align: justify\" align=\"JUSTIFY\"><span style=\"color: #303030\"><span style=\"font-family: Arial, sans-serif\"><span style=\"font-size: medium\">Anche quest&#8217;anno sono centinaia gli studenti messinesi che, assieme ai loro coetanei in tutta Italia, sono scesi in piazza per protestare contro l&#8217;Alternanza scuola lavoro istituita dalla legge 105\/2017 (la cosiddetta Buona Scuola) con lo scopo di \u201c<span style=\"font-family: inherit\">dare nuove competenze trasversali ai ragazzi dai 15 ai 18 anni<\/span>\u201d attraverso un&#8217;attivit\u00e0 formativa da svolgere nelle diverse imprese o enti del territorio, ma che nella realt\u00e0 il tutto si traduce spesso, in assenza di adeguate forme di controllo, nella possibilit\u00e0 per le imprese di attingere ad un serbatoio di manodopera a costo zero.<\/span><\/span><\/span><div id=\"div-gpt-ad-Messinaoggi.it-DSK-300x250-corpoart\" style=\"text-align:center;margin:0 auto;\"><\/div><\/p>\n<p style=\"text-align: justify\" align=\"JUSTIFY\"><span style=\"color: #303030\"><span style=\"font-family: Arial, sans-serif\"><span style=\"font-size: medium\">Tra le principali rivendicazioni dei manifestanti troviamo dunque il non voler essere considerati dalle imprese alla stregua di tirocinanti senza diritti (e senza paga).<\/span><\/span><\/span><div id=\"videoincontent\" style=\"clear:both\";><\/div><\/p>\n<p align=\"JUSTIFY\"><img loading=\"lazy\" class=\"alignnone size-medium wp-image-9549\" src=\"http:\/\/www.messinaoggi.it\/website\/wp-content\/uploads\/2017\/10\/protesta-studentiRRP_0180-300x200.jpg\" alt=\"\" width=\"300\" height=\"200\" \/><\/p>\n<p style=\"text-align: justify\" align=\"JUSTIFY\"><span style=\"color: #303030\"><span style=\"font-family: Arial, sans-serif\"><span style=\"font-size: medium\">Foto di <strong>Rocco Papandrea<\/strong>.<\/span><\/span><\/span><\/p>\n","protected":false},"excerpt":{"rendered":"<p>Anche quest&#8217;anno sono centinaia gli studenti messinesi che, assieme ai loro coetanei in tutta Italia, sono scesi in piazza per protestare contro l&#8217;Alternanza scuola lavoro istituita dalla legge 105\/2017 (la cosiddetta Buona Scuola) con lo scopo di \u201cdare nuove competenze trasversali ai ragazzi dai 15 ai 18 anni\u201d attraverso un&#8217;attivit\u00e0 formativa da svolgere nelle diverse [&hellip;]<\/p>\n","protected":false},"author":8,"featured_media":9547,"comment_status":"closed","ping_status":"open","sticky":false,"template":"","format":"standard","meta":{"ub_ctt_via":"","_mi_skip_tracking":false},"categories":[5],"tags":[],"featured_image_src":"https:\/\/www.messinaoggi.it\/website\/wp-content\/uploads\/2017\/10\/prootesta-studentiRRP_0174.jpg","author_info":{"display_name":"red..me","author_link":"https:\/\/www.messinaoggi.it\/website\/author\/redstage\/"},"digistream_id":0,"digistream":false,"_links":{"self":[{"href":"https:\/\/www.messinaoggi.it\/website\/wp-json\/wp\/v2\/posts\/9536"}],"collection":[{"href":"https:\/\/www.messinaoggi.it\/website\/wp-json\/wp\/v2\/posts"}],"about":[{"href":"https:\/\/www.messinaoggi.it\/website\/wp-json\/wp\/v2\/types\/post"}],"author":[{"embeddable":true,"href":"https:\/\/www.messinaoggi.it\/website\/wp-json\/wp\/v2\/users\/8"}],"replies":[{"embeddable":true,"href":"https:\/\/www.messinaoggi.it\/website\/wp-json\/wp\/v2\/comments?post=9536"}],"version-history":[{"count":0,"href":"https:\/\/www.messinaoggi.it\/website\/wp-json\/wp\/v2\/posts\/9536\/revisions"}],"wp:featuredmedia":[{"embeddable":true,"href":"https:\/\/www.messinaoggi.it\/website\/wp-json\/wp\/v2\/media\/9547"}],"wp:attachment":[{"href":"https:\/\/www.messinaoggi.it\/website\/wp-json\/wp\/v2\/media?parent=9536"}],"wp:term":[{"taxonomy":"category","embeddable":true,"href":"https:\/\/www.messinaoggi.it\/website\/wp-json\/wp\/v2\/categories?post=9536"},{"taxonomy":"post_tag","embeddable":true,"href":"https:\/\/www.messinaoggi.it\/website\/wp-json\/wp\/v2\/tags?post=9536"}],"curies":[{"name":"wp","href":"https:\/\/api.w.org\/{rel}","templated":true}]}}