{"id":95234,"date":"2022-01-28T14:57:38","date_gmt":"2022-01-28T13:57:38","guid":{"rendered":"http:\/\/www.messinaoggi.it\/website\/?p=95234"},"modified":"2022-01-28T14:57:40","modified_gmt":"2022-01-28T13:57:40","slug":"lipari-denunce-a-raffica-contro-il-green-pass","status":"publish","type":"post","link":"https:\/\/www.messinaoggi.it\/website\/2022\/01\/28\/lipari-denunce-a-raffica-contro-il-green-pass\/","title":{"rendered":"Lipari, denunce a raffica contro il Green pass"},"content":{"rendered":"\n<p>A Lipari gli isolani hanno presentato un centinaio di denunce per &#8220;dire no al Green pass e a tutte le restrizioni per la pandemia&#8221;. Ma ribadiscono &#8220;non \u00e8 una protesta no vax&#8221;. Il numero degli esposti \u00e8 lievitato da gioved\u00ec pomeriggio quandoi \u00e8 scattata la manifestazione pacifica davanti alla stazione dei carabinieri. L&#8217;iniziativa \u00e8 stata voluta dal Comitato eoliano per la tutela dei diritti fondamentali, presieduto da Gianluca Corrado, avvocato. &#8220;Chiediamo giustizia &#8211; dice &#8211; per la fallimentare gestione della pandemia e l&#8217;inutile Green pass che, pur in assenza di ogni evidenza scientifica ed empirica, sta limitando, senza alcuna giustificazione giuridica, i diritti fondamentali di milioni di italiani. Ci auguriamo pertanto che la magistratura possa ascoltare l&#8217;urlo di dolore che si solleva ormai in tutto il Paese innanzi a quella che viene vissuta da milioni di cittadini come una vera e propria eversione dell&#8217;ordinamento Costituzionale&#8221;.<div id=\"div-gpt-ad-Messinaoggi.it-DSK-300x250-corpoart\" style=\"text-align:center;margin:0 auto;\"><\/div><\/p>\n<div id=\"videoincontent\" style=\"clear:both\";><\/div>","protected":false},"excerpt":{"rendered":"<p>A Lipari gli isolani hanno presentato un centinaio di denunce per &#8220;dire no al Green pass e a tutte le restrizioni per la pandemia&#8221;. Ma ribadiscono &#8220;non \u00e8 una protesta no vax&#8221;. Il numero degli esposti \u00e8 lievitato da gioved\u00ec pomeriggio quandoi \u00e8 scattata la manifestazione pacifica davanti alla stazione dei carabinieri. L&#8217;iniziativa \u00e8 stata [&hellip;]<\/p>\n","protected":false},"author":4,"featured_media":78769,"comment_status":"open","ping_status":"open","sticky":false,"template":"","format":"standard","meta":{"ub_ctt_via":"","_mi_skip_tracking":false},"categories":[221],"tags":[1733,49],"featured_image_src":"https:\/\/www.messinaoggi.it\/website\/wp-content\/uploads\/2021\/09\/green-pass.jpg","author_info":{"display_name":"redme","author_link":"https:\/\/www.messinaoggi.it\/website\/author\/redme\/"},"digistream_id":0,"digistream":false,"_links":{"self":[{"href":"https:\/\/www.messinaoggi.it\/website\/wp-json\/wp\/v2\/posts\/95234"}],"collection":[{"href":"https:\/\/www.messinaoggi.it\/website\/wp-json\/wp\/v2\/posts"}],"about":[{"href":"https:\/\/www.messinaoggi.it\/website\/wp-json\/wp\/v2\/types\/post"}],"author":[{"embeddable":true,"href":"https:\/\/www.messinaoggi.it\/website\/wp-json\/wp\/v2\/users\/4"}],"replies":[{"embeddable":true,"href":"https:\/\/www.messinaoggi.it\/website\/wp-json\/wp\/v2\/comments?post=95234"}],"version-history":[{"count":1,"href":"https:\/\/www.messinaoggi.it\/website\/wp-json\/wp\/v2\/posts\/95234\/revisions"}],"predecessor-version":[{"id":95235,"href":"https:\/\/www.messinaoggi.it\/website\/wp-json\/wp\/v2\/posts\/95234\/revisions\/95235"}],"wp:featuredmedia":[{"embeddable":true,"href":"https:\/\/www.messinaoggi.it\/website\/wp-json\/wp\/v2\/media\/78769"}],"wp:attachment":[{"href":"https:\/\/www.messinaoggi.it\/website\/wp-json\/wp\/v2\/media?parent=95234"}],"wp:term":[{"taxonomy":"category","embeddable":true,"href":"https:\/\/www.messinaoggi.it\/website\/wp-json\/wp\/v2\/categories?post=95234"},{"taxonomy":"post_tag","embeddable":true,"href":"https:\/\/www.messinaoggi.it\/website\/wp-json\/wp\/v2\/tags?post=95234"}],"curies":[{"name":"wp","href":"https:\/\/api.w.org\/{rel}","templated":true}]}}