{"id":95228,"date":"2022-01-28T13:07:35","date_gmt":"2022-01-28T12:07:35","guid":{"rendered":"https:\/\/www.messinaoggi.it\/website\/2022\/01\/28\/quirinale-meloni-con-questo-parlamento-non-si-decide-nulla\/"},"modified":"2022-01-28T13:07:35","modified_gmt":"2022-01-28T12:07:35","slug":"quirinale-meloni-con-questo-parlamento-non-si-decide-nulla","status":"publish","type":"post","link":"https:\/\/www.messinaoggi.it\/website\/2022\/01\/28\/quirinale-meloni-con-questo-parlamento-non-si-decide-nulla\/","title":{"rendered":"Quirinale, Meloni \u201cCon questo Parlamento non si decide nulla\u201d"},"content":{"rendered":"<div>ROMA (ITALPRESS) &#8211; &#8220;Questa bizzarra liturgia dell&#8217;elezione del presidente della Repubblica dimostra che con questo Parlamento non si pu\u00f2 decidere niente e, quindi, la soluzione pi\u00f9 responsabile sono elezioni&#8221;. Cos\u00ec la presidente di Fratelli d&#8217;Italia, Giorgia Meloni, uscendo da Montecitorio. &#8220;Se il capo dello Stato l&#8217;avessero votato gli italiani, come prevede la proposta di legge di FdI per l&#8217;elezione diretta del capo dello Stato, l&#8217;avrebbero eletto in un giorno&#8221;, ha aggiunto.<br \/>&#8220;Chi dice che con Casellati rischiamo la crisi di Governo lo fa per spaventare i parlamentari. Indegno &#8211; ha sottolineato Meloni -. Si sta dicendo ai cittadini che si sceglie il capo dello Stato sulla base della propria poltrona. Non \u00e8 un ricatto credibile. A chi a sinistra sta dicendo che se si vota un candidato di centrodestra cade la legislatura consiglio prudenza&#8221;.<br \/>(ITALPRESS).<\/div>\n<div id=\"div-gpt-ad-Messinaoggi.it-DSK-300x250-corpoart\" style=\"text-align:center;margin:0 auto;\"><\/div><\/p><div id=\"videoincontent\" style=\"clear:both\";><\/div>","protected":false},"excerpt":{"rendered":"<p>ROMA (ITALPRESS) &#8211; &#8220;Questa bizzarra liturgia dell&#8217;elezione del presidente della Repubblica dimostra che con questo Parlamento non si pu\u00f2 decidere niente e, quindi, la soluzione pi\u00f9 responsabile sono elezioni&#8221;. Cos\u00ec la presidente di Fratelli d&#8217;Italia, Giorgia Meloni, uscendo da Montecitorio. &#8220;Se il capo dello Stato l&#8217;avessero votato gli italiani, come prevede la proposta di legge [&hellip;]<\/p>\n","protected":false},"author":18,"featured_media":95229,"comment_status":"closed","ping_status":"closed","sticky":false,"template":"","format":"standard","meta":{"ub_ctt_via":"","_mi_skip_tracking":false},"categories":[446],"tags":[783],"featured_image_src":"https:\/\/www.messinaoggi.it\/website\/wp-content\/uploads\/2022\/01\/20220128_0584.jpg","author_info":{"display_name":"Admin","author_link":"https:\/\/www.messinaoggi.it\/website\/author\/admin\/"},"digistream_id":0,"digistream":false,"_links":{"self":[{"href":"https:\/\/www.messinaoggi.it\/website\/wp-json\/wp\/v2\/posts\/95228"}],"collection":[{"href":"https:\/\/www.messinaoggi.it\/website\/wp-json\/wp\/v2\/posts"}],"about":[{"href":"https:\/\/www.messinaoggi.it\/website\/wp-json\/wp\/v2\/types\/post"}],"author":[{"embeddable":true,"href":"https:\/\/www.messinaoggi.it\/website\/wp-json\/wp\/v2\/users\/18"}],"replies":[{"embeddable":true,"href":"https:\/\/www.messinaoggi.it\/website\/wp-json\/wp\/v2\/comments?post=95228"}],"version-history":[{"count":0,"href":"https:\/\/www.messinaoggi.it\/website\/wp-json\/wp\/v2\/posts\/95228\/revisions"}],"wp:featuredmedia":[{"embeddable":true,"href":"https:\/\/www.messinaoggi.it\/website\/wp-json\/wp\/v2\/media\/95229"}],"wp:attachment":[{"href":"https:\/\/www.messinaoggi.it\/website\/wp-json\/wp\/v2\/media?parent=95228"}],"wp:term":[{"taxonomy":"category","embeddable":true,"href":"https:\/\/www.messinaoggi.it\/website\/wp-json\/wp\/v2\/categories?post=95228"},{"taxonomy":"post_tag","embeddable":true,"href":"https:\/\/www.messinaoggi.it\/website\/wp-json\/wp\/v2\/tags?post=95228"}],"curies":[{"name":"wp","href":"https:\/\/api.w.org\/{rel}","templated":true}]}}