{"id":95208,"date":"2022-01-28T12:17:42","date_gmt":"2022-01-28T11:17:42","guid":{"rendered":"https:\/\/www.messinaoggi.it\/website\/2022\/01\/28\/infermieri-in-sciopero-protestano-a-palermo-gli-applausi-non-bastano\/"},"modified":"2022-01-28T12:17:42","modified_gmt":"2022-01-28T11:17:42","slug":"infermieri-in-sciopero-protestano-a-palermo-gli-applausi-non-bastano","status":"publish","type":"post","link":"https:\/\/www.messinaoggi.it\/website\/2022\/01\/28\/infermieri-in-sciopero-protestano-a-palermo-gli-applausi-non-bastano\/","title":{"rendered":"Infermieri in sciopero protestano a Palermo: \u201cGli applausi non bastano\u201d"},"content":{"rendered":"<div>\n<p>PALERMO (ITALPRESS) \u2013 Circa centocinquanta infermieri siciliani si sono riuniti davanti la sede della presidenza della Regione Siciliana, a Palermo, aderendo allo sciopero nazionale indetto dal sindacato Nursind, per protestare contro le poche misure arrivate a loro tutela dopo quasi due anni di emergenza sanitaria. \u201cValorizzare gli infermieri per migliorare l\u2019assistenza ai cittadini. Gli applausi non bastano\u201d, si legge in uno dei cartelli che hanno esposto. I sanitari, che si sono battuti con tutte le loro forze per contrastare la pandemia, chiedono \u201cStipendi adeguati agli standard europei. Non siamo eroi ma professionisti. Lottiamo per una miglior qualit\u00e0 delle cure, condizioni di lavoro pi\u00f9 umane\u201d, scrivono in un altro cartello.<br \/>\u201cSiamo arrivati allo sciopero perch\u00e8 da tempo chiediamo una strategia di cambiamento delle condizioni di lavoro e del precariato \u2013 spiega il coordinatore regionale di Nursind, Salvatore Calamia -. Ci avevano promesso un\u2019indennit\u00e0 infermieristica, ma poi \u00e8 andata in fumo perch\u00e8 \u00e8 stata inserita in un contratto che non si sa quando verr\u00e0 stipulato, ci avevano promesso condizioni di lavoro migliori e questo non \u00e8 successo. Il virus \u00e8 stato pi\u00f9 veloce delle istituzioni. Abbiamo gli stipendi pi\u00f9 bassi d\u2019Europa e ci chiamano eroi, adesso basta\u201d. \u201cCi siamo fermati perch\u00e8 sembra che siamo al primo giorno di pandemia \u2013 ha aggiunto Aurelio Guerriero, segretario provinciale Nursind -. Ancora ci sono bandi per assumere il personale, ma quello attuale \u00e8 gi\u00e0 allo stremo delle forze. Abbiamo i permessi bloccati, le ferie bloccate. Non riusciamo pi\u00f9 a garantire il minino di qualit\u00e0 dell\u2019assistenza. In questi mesi siamo stati riempiti di elogi e pacche sulle spalle, ma riconoscimenti nulla\u201d.<br \/>(ITALPRESS).<div id=\"div-gpt-ad-Messinaoggi.it-DSK-300x250-corpoart\" style=\"text-align:center;margin:0 auto;\"><\/div><\/p>\n<\/div>\n<div id=\"videoincontent\" style=\"clear:both\";><\/div>","protected":false},"excerpt":{"rendered":"<p>PALERMO (ITALPRESS) \u2013 Circa centocinquanta infermieri siciliani si sono riuniti davanti la sede della presidenza della Regione Siciliana, a Palermo, aderendo allo sciopero nazionale indetto dal sindacato Nursind, per protestare contro le poche misure arrivate a loro tutela dopo quasi due anni di emergenza sanitaria. \u201cValorizzare gli infermieri per migliorare l\u2019assistenza ai cittadini. Gli applausi [&hellip;]<\/p>\n","protected":false},"author":18,"featured_media":95209,"comment_status":"closed","ping_status":"closed","sticky":false,"template":"","format":"standard","meta":{"ub_ctt_via":"","_mi_skip_tracking":false},"categories":[2449],"tags":[783],"featured_image_src":"https:\/\/www.messinaoggi.it\/website\/wp-content\/uploads\/2022\/01\/20220128_0400.jpg","author_info":{"display_name":"Admin","author_link":"https:\/\/www.messinaoggi.it\/website\/author\/admin\/"},"digistream_id":0,"digistream":false,"_links":{"self":[{"href":"https:\/\/www.messinaoggi.it\/website\/wp-json\/wp\/v2\/posts\/95208"}],"collection":[{"href":"https:\/\/www.messinaoggi.it\/website\/wp-json\/wp\/v2\/posts"}],"about":[{"href":"https:\/\/www.messinaoggi.it\/website\/wp-json\/wp\/v2\/types\/post"}],"author":[{"embeddable":true,"href":"https:\/\/www.messinaoggi.it\/website\/wp-json\/wp\/v2\/users\/18"}],"replies":[{"embeddable":true,"href":"https:\/\/www.messinaoggi.it\/website\/wp-json\/wp\/v2\/comments?post=95208"}],"version-history":[{"count":0,"href":"https:\/\/www.messinaoggi.it\/website\/wp-json\/wp\/v2\/posts\/95208\/revisions"}],"wp:featuredmedia":[{"embeddable":true,"href":"https:\/\/www.messinaoggi.it\/website\/wp-json\/wp\/v2\/media\/95209"}],"wp:attachment":[{"href":"https:\/\/www.messinaoggi.it\/website\/wp-json\/wp\/v2\/media?parent=95208"}],"wp:term":[{"taxonomy":"category","embeddable":true,"href":"https:\/\/www.messinaoggi.it\/website\/wp-json\/wp\/v2\/categories?post=95208"},{"taxonomy":"post_tag","embeddable":true,"href":"https:\/\/www.messinaoggi.it\/website\/wp-json\/wp\/v2\/tags?post=95208"}],"curies":[{"name":"wp","href":"https:\/\/api.w.org\/{rel}","templated":true}]}}