{"id":95166,"date":"2022-01-28T08:35:29","date_gmt":"2022-01-28T07:35:29","guid":{"rendered":"http:\/\/www.messinaoggi.it\/website\/?p=95166"},"modified":"2022-01-28T08:37:46","modified_gmt":"2022-01-28T07:37:46","slug":"la-citta-siamo-noi-concede-il-bis-le-ricanta-a-de-luca","status":"publish","type":"post","link":"https:\/\/www.messinaoggi.it\/website\/2022\/01\/28\/la-citta-siamo-noi-concede-il-bis-le-ricanta-a-de-luca\/","title":{"rendered":"&#8220;La citt\u00e0 siamo noi&#8221; concede il bis, le ricanta a De Luca"},"content":{"rendered":"\n<p>Il comitato spontaneo &#8220;La citt\u00e0 siamo noi&#8221; torna domani in piazza Unione europea e le &#8220;ricanta&#8221; al sindaco De Luca. L&#8217;appuntamento \u00e8 fissato alle 10.<div id=\"div-gpt-ad-Messinaoggi.it-DSK-300x250-corpoart\" style=\"text-align:center;margin:0 auto;\"><\/div><\/p>\n\n\n\n<p>&#8220;Avrai la possibilit\u00e0 di prendere il microfono per dire ci\u00f2 che pensi, quel che non ti piace, cosa vorresti e cosa speri che accada in questa citt\u00e0. La citt\u00e0 siamo noi nasce come comitato spontaneo e aperto per dare voce ai cittadini contro quella politica locale che mortifica la cittadinanza e, anzi, le sputa addosso.<div id=\"videoincontent\" style=\"clear:both\";><\/div><\/p>\n\n\n\n<p>Nella citt\u00e0 del merito e dell\u2019efficienza, i servizi difettano. E se lo dici ti arriva una bella pernacchia in mondovisione\u2026<\/p>\n\n\n\n<p>Vivere si \u00e8 fatto complesso. E tra le ragioni c\u2019\u00e8 anche un uomo che ha utilizzato la citt\u00e0 per soddisfare la sua ambizione. Ma stai attento, perch\u00e9 se glielo dici magari ti rutta in faccia\u2026!<\/p>\n\n\n\n<p>Messina &#8211; si legge in un comitato &#8211; \u00e8 stata usata come un trampolino di lancio, con la compiacenza di un piccolo cerchio magico e la complicit\u00e0 di chi ha confuso la confusione con la promessa di una rivoluzione. Vieni sabato a piazza Municipio per cantaglierle a chi sai tu&#8221;.<\/p>\n","protected":false},"excerpt":{"rendered":"<p>Il comitato spontaneo &#8220;La citt\u00e0 siamo noi&#8221; torna domani in piazza Unione europea e le &#8220;ricanta&#8221; al sindaco De Luca. L&#8217;appuntamento \u00e8 fissato alle 10. &#8220;Avrai la possibilit\u00e0 di prendere il microfono per dire ci\u00f2 che pensi, quel che non ti piace, cosa vorresti e cosa speri che accada in questa citt\u00e0. La citt\u00e0 siamo [&hellip;]<\/p>\n","protected":false},"author":4,"featured_media":95167,"comment_status":"open","ping_status":"open","sticky":false,"template":"","format":"standard","meta":{"ub_ctt_via":"","_mi_skip_tracking":false},"categories":[4],"tags":[3885],"featured_image_src":"https:\/\/www.messinaoggi.it\/website\/wp-content\/uploads\/2022\/01\/IMG-20220127-WA0035.jpg","author_info":{"display_name":"redme","author_link":"https:\/\/www.messinaoggi.it\/website\/author\/redme\/"},"digistream_id":0,"digistream":false,"_links":{"self":[{"href":"https:\/\/www.messinaoggi.it\/website\/wp-json\/wp\/v2\/posts\/95166"}],"collection":[{"href":"https:\/\/www.messinaoggi.it\/website\/wp-json\/wp\/v2\/posts"}],"about":[{"href":"https:\/\/www.messinaoggi.it\/website\/wp-json\/wp\/v2\/types\/post"}],"author":[{"embeddable":true,"href":"https:\/\/www.messinaoggi.it\/website\/wp-json\/wp\/v2\/users\/4"}],"replies":[{"embeddable":true,"href":"https:\/\/www.messinaoggi.it\/website\/wp-json\/wp\/v2\/comments?post=95166"}],"version-history":[{"count":1,"href":"https:\/\/www.messinaoggi.it\/website\/wp-json\/wp\/v2\/posts\/95166\/revisions"}],"predecessor-version":[{"id":95168,"href":"https:\/\/www.messinaoggi.it\/website\/wp-json\/wp\/v2\/posts\/95166\/revisions\/95168"}],"wp:featuredmedia":[{"embeddable":true,"href":"https:\/\/www.messinaoggi.it\/website\/wp-json\/wp\/v2\/media\/95167"}],"wp:attachment":[{"href":"https:\/\/www.messinaoggi.it\/website\/wp-json\/wp\/v2\/media?parent=95166"}],"wp:term":[{"taxonomy":"category","embeddable":true,"href":"https:\/\/www.messinaoggi.it\/website\/wp-json\/wp\/v2\/categories?post=95166"},{"taxonomy":"post_tag","embeddable":true,"href":"https:\/\/www.messinaoggi.it\/website\/wp-json\/wp\/v2\/tags?post=95166"}],"curies":[{"name":"wp","href":"https:\/\/api.w.org\/{rel}","templated":true}]}}