{"id":95153,"date":"2022-01-27T21:07:41","date_gmt":"2022-01-27T20:07:41","guid":{"rendered":"https:\/\/www.messinaoggi.it\/website\/2022\/01\/27\/quirinale-renzi-sconvolto-dal-teatrino-del-centrodestra\/"},"modified":"2022-01-27T21:07:41","modified_gmt":"2022-01-27T20:07:41","slug":"quirinale-renzi-sconvolto-dal-teatrino-del-centrodestra","status":"publish","type":"post","link":"https:\/\/www.messinaoggi.it\/website\/2022\/01\/27\/quirinale-renzi-sconvolto-dal-teatrino-del-centrodestra\/","title":{"rendered":"Quirinale, Renzi \u201cSconvolto dal teatrino del centrodestra\u201d"},"content":{"rendered":"<div>ROMA (ITALPRESS) &#8211; &#8220;Qui siamo alla follia, sono quattro giorni che stiamo votando senza una logica, uno schema. Abbiamo detto che il centrodestra aveva i numeri e doveva fare la proposta e oggi non ha ritirato la scheda. Questo \u00e8 il Parlamento, non il teatrino di X Factor. Sono sconvolto dal modo come il centrodestra non si rende conto che c&#8217;\u00e8 una crisi internazionale, che c&#8217;\u00e8 la questione delle bollette e di fronte a tutto questo abbiamo lo show di qualche aspirante leader&#8221;. Cos\u00ec il leader di Italia Viva, Matteo Renzi, a Radio Leopolda. <br \/>&#8220;L&#8217;elezione del presidente della Repubblica non \u00e8 semplice, ma si \u00e8 sempre giocata con le regole della politica. In questo caso c&#8217;\u00e8 una gara al lancio del nome, \u00e8 una sorta di &#8216;indovina ch\u00ec. Nel momento in cui si parla della scelta del presidente della Repubblica questo fa accapponare la pelle. Domani speriamo che sia un altro giorno, speriamo lo dicano anche i leader del centrodestra&#8221;, ha aggiunto. &#8220;Mi fanno ridere quelli del centrodestra che dicono non vogliamo dividere il centrodestra, quando Salvini \u00e8 in maggioranza e Meloni in minoranza. Sono divisi in partenza. Si sta anteponendo l&#8217;ansia da sondaggio, populista, alla realt\u00e0 vera. Lavoriamo perch\u00e8 domani cambi il metodo&#8221;, ha concluso Renzi.<br \/>(ITALPRESS).<\/div>\n<div id=\"div-gpt-ad-Messinaoggi.it-DSK-300x250-corpoart\" style=\"text-align:center;margin:0 auto;\"><\/div><\/p><div id=\"videoincontent\" style=\"clear:both\";><\/div>","protected":false},"excerpt":{"rendered":"<p>ROMA (ITALPRESS) &#8211; &#8220;Qui siamo alla follia, sono quattro giorni che stiamo votando senza una logica, uno schema. Abbiamo detto che il centrodestra aveva i numeri e doveva fare la proposta e oggi non ha ritirato la scheda. Questo \u00e8 il Parlamento, non il teatrino di X Factor. Sono sconvolto dal modo come il centrodestra [&hellip;]<\/p>\n","protected":false},"author":18,"featured_media":95154,"comment_status":"closed","ping_status":"closed","sticky":false,"template":"","format":"standard","meta":{"ub_ctt_via":"","_mi_skip_tracking":false},"categories":[446],"tags":[783],"featured_image_src":"https:\/\/www.messinaoggi.it\/website\/wp-content\/uploads\/2022\/01\/20220127_2458.jpg","author_info":{"display_name":"Admin","author_link":"https:\/\/www.messinaoggi.it\/website\/author\/admin\/"},"digistream_id":0,"digistream":false,"_links":{"self":[{"href":"https:\/\/www.messinaoggi.it\/website\/wp-json\/wp\/v2\/posts\/95153"}],"collection":[{"href":"https:\/\/www.messinaoggi.it\/website\/wp-json\/wp\/v2\/posts"}],"about":[{"href":"https:\/\/www.messinaoggi.it\/website\/wp-json\/wp\/v2\/types\/post"}],"author":[{"embeddable":true,"href":"https:\/\/www.messinaoggi.it\/website\/wp-json\/wp\/v2\/users\/18"}],"replies":[{"embeddable":true,"href":"https:\/\/www.messinaoggi.it\/website\/wp-json\/wp\/v2\/comments?post=95153"}],"version-history":[{"count":0,"href":"https:\/\/www.messinaoggi.it\/website\/wp-json\/wp\/v2\/posts\/95153\/revisions"}],"wp:featuredmedia":[{"embeddable":true,"href":"https:\/\/www.messinaoggi.it\/website\/wp-json\/wp\/v2\/media\/95154"}],"wp:attachment":[{"href":"https:\/\/www.messinaoggi.it\/website\/wp-json\/wp\/v2\/media?parent=95153"}],"wp:term":[{"taxonomy":"category","embeddable":true,"href":"https:\/\/www.messinaoggi.it\/website\/wp-json\/wp\/v2\/categories?post=95153"},{"taxonomy":"post_tag","embeddable":true,"href":"https:\/\/www.messinaoggi.it\/website\/wp-json\/wp\/v2\/tags?post=95153"}],"curies":[{"name":"wp","href":"https:\/\/api.w.org\/{rel}","templated":true}]}}