{"id":95075,"date":"2022-01-27T12:07:33","date_gmt":"2022-01-27T11:07:33","guid":{"rendered":"https:\/\/www.messinaoggi.it\/website\/2022\/01\/27\/shoah-mattarella-mai-abbassare-la-guardia-contro-il-razzismo\/"},"modified":"2022-01-27T12:07:33","modified_gmt":"2022-01-27T11:07:33","slug":"shoah-mattarella-mai-abbassare-la-guardia-contro-il-razzismo","status":"publish","type":"post","link":"https:\/\/www.messinaoggi.it\/website\/2022\/01\/27\/shoah-mattarella-mai-abbassare-la-guardia-contro-il-razzismo\/","title":{"rendered":"Shoah, Mattarella \u201cMai abbassare la guardia contro il razzismo\u201d"},"content":{"rendered":"<div>ROMA (ITALPRESS) &#8211; &#8220;Nel Giorno della Memoria, che ricorda le vittime dei campi di sterminio nazisti e il folle e criminale progetto di genocidio degli ebrei d&#8217;Europa, voglio far giungere a tutti i partecipanti alla cerimonia ufficiale &#8211; che si svolge quest&#8217;anno al Ministero dell&#8217;Istruzione &#8211; agli studenti, ai telespettatori la mia vicinanza e il mio sostegno&#8221;. Lo afferma il presidente della Repubblica, Sergio Mattarella.<br \/>&#8220;Quando le truppe russe entrarono nel campo di Auschwitz &#8211; la pi\u00f9 imponente e sciagurata macchina di morte mai costruita nella storia dell&#8217;umanit\u00e0 &#8211; si spalancarono di fronte ai loro occhi le porte dell&#8217;Inferno.  Nel cuore dell&#8217;Europa si era aperta una voragine che aveva inghiottito secoli di civilt\u00e0, di diritti, di conquiste, di cultura &#8211; prosegue Mattarella -. Una delirante ideologia basata su grottesche teorie di superiorit\u00e0 razziale aveva cancellato, in poco tempo, i valori antichi di solidariet\u00e0, convivenza, tolleranza e perfino i pi\u00f9 basilari sentimenti umani: quelli della piet\u00e0 e della compassione.  La storia aveva subito, in meno di un ventennio, un tragico stravolgimento, tornando a concezioni e pratiche barbare e crudeli, che si pensava fossero retaggio di un passato ormai remoto. Guerra, stermini, eccidi ne furono le tragiche ma inesorabili conseguenze&#8221;.<br \/>&#8220;La giornata della Memoria, che si celebra oggi in tutto il mondo, non ci impone solamente di ricordare i milioni di morti, i lutti e le sofferenze di tante vittime innocenti, tra cui molti italiane. Ma ci invita a prevenire e combattere, oggi e nel futuro, ogni germe di razzismo, antisemitismo, discriminazione e intolleranza. A partire dai banchi di scuola &#8211; sottolinea il capo dello Stato -. Perch\u00e8 la conoscenza, l&#8217;informazione e l&#8217;educazione rivestono un ruolo fondamentale nel promuovere una societ\u00e0 giusta e solidale. E, come recenti episodi di cronaca attestano, mai deve essere abbassata la guardia. Auschwitz, con i suoi lugubri reticolati, le ciminiere e le camere a gas, \u00e8 diventato il simbolo dell&#8217;orrore nazista, del male assoluto. Ma \u00e8, e deve essere, la testimonianza costante di quali misfatti sia capace l&#8217;uomo quando si abbandona, tradendo la sua stessa umanit\u00e0, a sentimenti, parole e ideologie di odio e di morte&#8221;.<br \/>(ITALPRESS).<\/div>\n<div id=\"div-gpt-ad-Messinaoggi.it-DSK-300x250-corpoart\" style=\"text-align:center;margin:0 auto;\"><\/div><\/p><div id=\"videoincontent\" style=\"clear:both\";><\/div>","protected":false},"excerpt":{"rendered":"<p>ROMA (ITALPRESS) &#8211; &#8220;Nel Giorno della Memoria, che ricorda le vittime dei campi di sterminio nazisti e il folle e criminale progetto di genocidio degli ebrei d&#8217;Europa, voglio far giungere a tutti i partecipanti alla cerimonia ufficiale &#8211; che si svolge quest&#8217;anno al Ministero dell&#8217;Istruzione &#8211; agli studenti, ai telespettatori la mia vicinanza e il [&hellip;]<\/p>\n","protected":false},"author":18,"featured_media":95076,"comment_status":"closed","ping_status":"closed","sticky":false,"template":"","format":"standard","meta":{"ub_ctt_via":"","_mi_skip_tracking":false},"categories":[446],"tags":[783],"featured_image_src":"https:\/\/www.messinaoggi.it\/website\/wp-content\/uploads\/2022\/01\/20220127_0343.jpg","author_info":{"display_name":"Admin","author_link":"https:\/\/www.messinaoggi.it\/website\/author\/admin\/"},"digistream_id":0,"digistream":false,"_links":{"self":[{"href":"https:\/\/www.messinaoggi.it\/website\/wp-json\/wp\/v2\/posts\/95075"}],"collection":[{"href":"https:\/\/www.messinaoggi.it\/website\/wp-json\/wp\/v2\/posts"}],"about":[{"href":"https:\/\/www.messinaoggi.it\/website\/wp-json\/wp\/v2\/types\/post"}],"author":[{"embeddable":true,"href":"https:\/\/www.messinaoggi.it\/website\/wp-json\/wp\/v2\/users\/18"}],"replies":[{"embeddable":true,"href":"https:\/\/www.messinaoggi.it\/website\/wp-json\/wp\/v2\/comments?post=95075"}],"version-history":[{"count":0,"href":"https:\/\/www.messinaoggi.it\/website\/wp-json\/wp\/v2\/posts\/95075\/revisions"}],"wp:featuredmedia":[{"embeddable":true,"href":"https:\/\/www.messinaoggi.it\/website\/wp-json\/wp\/v2\/media\/95076"}],"wp:attachment":[{"href":"https:\/\/www.messinaoggi.it\/website\/wp-json\/wp\/v2\/media?parent=95075"}],"wp:term":[{"taxonomy":"category","embeddable":true,"href":"https:\/\/www.messinaoggi.it\/website\/wp-json\/wp\/v2\/categories?post=95075"},{"taxonomy":"post_tag","embeddable":true,"href":"https:\/\/www.messinaoggi.it\/website\/wp-json\/wp\/v2\/tags?post=95075"}],"curies":[{"name":"wp","href":"https:\/\/api.w.org\/{rel}","templated":true}]}}