{"id":9505,"date":"2017-10-13T08:36:21","date_gmt":"2017-10-13T06:36:21","guid":{"rendered":"http:\/\/www.messinaoggi.it\/website\/?p=9505"},"modified":"2017-10-13T08:36:21","modified_gmt":"2017-10-13T06:36:21","slug":"ape-sociale-valanga-di-respingimenti-flop-e-malcontento-anche-a-messina","status":"publish","type":"post","link":"https:\/\/www.messinaoggi.it\/website\/2017\/10\/13\/ape-sociale-valanga-di-respingimenti-flop-e-malcontento-anche-a-messina\/","title":{"rendered":"Ape social: raffica di respingimenti, flop anche a Messina"},"content":{"rendered":"<p class=\"first-letter\">Con l\u2019approssimarsi del responso del 15 ottobre dell\u2019Inps sulle oltre 65mila domande di Ape sociale, i sindacati lanciano l\u2019allarme sul gran numero di richieste respinte dall\u2019Istituto previdenziale con interpretazioni &#8220;eccessivamente restrittive&#8221; della norma che hanno l\u2019effetto di ridurre il numero di beneficiari dell&#8217;anticipo pensionistico a 63 anni di et\u00e0.<div id=\"div-gpt-ad-Messinaoggi.it-DSK-300x250-corpoart\" style=\"text-align:center;margin:0 auto;\"><\/div><\/p>\n<p class=\"first-letter\"><strong>Anche a Messina sarebbero una &#8220;valanga&#8221; i respingimenti. <\/strong>Numersi &#8220;aspiranti&#8221; pensionati hanno gi\u00e0 ricevuto per posta la\u00a0risposta con esito negativo, rivolgendosi ai sindacati per chiedere spiegazioni sul no da parte dell&#8217;Inps. In molti casi sarebbero risposte generiche che lasciano molti dubbi persino ai patronati. Una situazione paradossale che potrebbe sfociare in malcontento con i sindacati che annunciano azioni di protesta.<div id=\"videoincontent\" style=\"clear:both\";><\/div><\/p>\n<p class=\"first-letter\">Un dossier dell\u2019Inca, il patronato della Cgil, denuncia che le motivazioni addotte dall\u2019Inps per il rigetto &#8220;in contrasto con le intenzioni del legislatore e in alcuni casi addirittura contro legge&#8221;, rischiano di &#8220;vanificare le aspettative di reinserire qualche elemento di flessibilit\u00e0 nel sistema previdenziale&#8221;. L\u2019Inps respinge le accuse e sostiene di applicare la legge.<\/p>\n<p class=\"first-letter\"><b>Domande spedite al mittente ai privi di ammortizzatori e percettori di voucher.<\/b><br \/>\nAnche secondo la Cisl, in base alle segnalazioni che arrivano dal territorio, non si tratta di casi isolati e a breve rischia di &#8220;esplodere una bomba sociale&#8221;. Tornando al dossier dell\u2019Inca, ricorda che tra i criteri per accedere all\u2019anticipo pensionistico a 63 anni, bisogna essere disoccupati a seguito di licenziamento e senza ammortizzatori sociali da almeno 3 mesi.<\/p>\n<p class=\"first-letter\">&#8220;Per l\u2019Inps &#8211; specifica il patronato &#8211; anche un solo giorno di rioccupazione, retribuito con voucher, successivo a tale periodo fa perdere il diritto all&#8217;Ape sociale, nonostante tale interpretazione confligga con l&#8217;articolo 19 del d.lgs 150\/2015&#8221;, secondo cui &#8220;sono disoccupati i soggetti privi di impiego che dichiarano, in forma telematica al sistema informativo delle politiche del lavoro, la propria immediata disponibilit\u00e0 allo svolgimento di attivit\u00e0 lavorativa e alla partecipazione alle misure di politica attiva del lavoro concordate con il centro per l&#8217;impiego&#8221;.<\/p>\n<p class=\"first-letter\">Secondo il patronato &#8220;il lavoratore che abbia reso la propria disponibilit\u00e0 all&#8217;attivit\u00e0 lavorativa e alla partecipazione alle politiche attive, come vuole la norma, e che abbia i requisiti contributivi e anagrafici per l&#8217;Ape sociale (63 anni di et\u00e0 e 30 anni di contributi) ha diritto a tale indennit\u00e0&#8221;. Mentre il principio cui sembra ispirarsi l&#8217;Inps \u00e8 che il lavoratore perde lo stato di disoccupato anche per un solo giorno di lavoro svolto dopo i tre mesi di ammortizzatori sociali.<\/p>\n<p class=\"first-letter\"><b>Bocciate le domande di accesso per i lavori gravosi.\u00a0<\/b>Secondo l\u2019Inca la situazione si complica per gli addetti ad attivit\u00e0 gravose e rischiose, le cui richieste di Ape sociale devono ricevere il nullaosta sia del ministero del Lavoro e dell&#8217;Inail.<\/p>\n<aside class=\"floating\"><\/aside>\n","protected":false},"excerpt":{"rendered":"<p>Con l\u2019approssimarsi del responso del 15 ottobre dell\u2019Inps sulle oltre 65mila domande di Ape sociale, i sindacati lanciano l\u2019allarme sul gran numero di richieste respinte dall\u2019Istituto previdenziale con interpretazioni &#8220;eccessivamente restrittive&#8221; della norma che hanno l\u2019effetto di ridurre il numero di beneficiari dell&#8217;anticipo pensionistico a 63 anni di et\u00e0. Anche a Messina sarebbero una &#8220;valanga&#8221; [&hellip;]<\/p>\n","protected":false},"author":2,"featured_media":6277,"comment_status":"closed","ping_status":"open","sticky":false,"template":"","format":"standard","meta":{"ub_ctt_via":"","_mi_skip_tracking":false},"categories":[11],"tags":[],"featured_image_src":"https:\/\/www.messinaoggi.it\/website\/wp-content\/uploads\/2017\/08\/passeggiare-sul-viale-s.martino_8724-2.jpg","author_info":{"display_name":"Redazione","author_link":"https:\/\/www.messinaoggi.it\/website\/author\/redazione\/"},"digistream_id":0,"digistream":false,"_links":{"self":[{"href":"https:\/\/www.messinaoggi.it\/website\/wp-json\/wp\/v2\/posts\/9505"}],"collection":[{"href":"https:\/\/www.messinaoggi.it\/website\/wp-json\/wp\/v2\/posts"}],"about":[{"href":"https:\/\/www.messinaoggi.it\/website\/wp-json\/wp\/v2\/types\/post"}],"author":[{"embeddable":true,"href":"https:\/\/www.messinaoggi.it\/website\/wp-json\/wp\/v2\/users\/2"}],"replies":[{"embeddable":true,"href":"https:\/\/www.messinaoggi.it\/website\/wp-json\/wp\/v2\/comments?post=9505"}],"version-history":[{"count":0,"href":"https:\/\/www.messinaoggi.it\/website\/wp-json\/wp\/v2\/posts\/9505\/revisions"}],"wp:featuredmedia":[{"embeddable":true,"href":"https:\/\/www.messinaoggi.it\/website\/wp-json\/wp\/v2\/media\/6277"}],"wp:attachment":[{"href":"https:\/\/www.messinaoggi.it\/website\/wp-json\/wp\/v2\/media?parent=9505"}],"wp:term":[{"taxonomy":"category","embeddable":true,"href":"https:\/\/www.messinaoggi.it\/website\/wp-json\/wp\/v2\/categories?post=9505"},{"taxonomy":"post_tag","embeddable":true,"href":"https:\/\/www.messinaoggi.it\/website\/wp-json\/wp\/v2\/tags?post=9505"}],"curies":[{"name":"wp","href":"https:\/\/api.w.org\/{rel}","templated":true}]}}